{"id":38346,"date":"2018-08-14T16:37:15","date_gmt":"2018-08-14T19:37:15","guid":{"rendered":"https:\/\/eldiariodesanpedro.com.ar\/sitio\/?p=38346"},"modified":"2018-08-14T16:37:15","modified_gmt":"2018-08-14T19:37:15","slug":"arrecifes-donacion-de-televisores-para-el-nuevo-pabellon-de-internacion","status":"publish","type":"post","link":"https:\/\/eldiariodesanpedro.com.ar\/sitio\/arrecifes-donacion-de-televisores-para-el-nuevo-pabellon-de-internacion\/","title":{"rendered":"ARRECIFES: Donaci\u00f3n de televisores para el Nuevo Pabell\u00f3n de Internaci\u00f3n"},"content":{"rendered":"<p><!-- VideographyWP Plugin Message: Automatic video embedding prevented by plugin options. --><br \/>\nSe trata de siete televisores LED para cada una de las habitaciones del Nuevo Pabell\u00f3n de Internaci\u00f3n que se inaugurar\u00e1 este jueves en el Hospital Municipal.<\/p>\n<p>El consorcio del Sector Industrial Planificado de Arrecifes y la C\u00e1mara de Comercio e Industria de nuestra ciudad cumplieron con la donaci\u00f3n de siete televisores LED para cada una de las habitaciones del Nuevo Pabell\u00f3n de Internaci\u00f3n que se inaugurar\u00e1 este jueves en el Hospital Municipal.<\/p>\n<p>Autoridades del SIPA y de la C\u00e1mara hicieron entrega de los mismos al director del nosocomio, Dr. Sergio Spago.<br \/>\nFuente: Arrecifes Noticias<\/p>\n","protected":false},"excerpt":{"rendered":"<p>Se trata de siete televisores LED para cada una de las habitaciones del Nuevo Pabell\u00f3n de Internaci\u00f3n que se inaugurar\u00e1 este jueves en el Hospital Municipal. El consorcio del Sector Industrial Planificado de Arrecifes y la C\u00e1mara de Comercio e Industria de nuestra ciudad cumplieron con la donaci\u00f3n de siete televisores LED para cada una [&hellip;]<\/p>\n","protected":false},"author":4,"featured_media":38347,"comment_status":"open","ping_status":"closed","sticky":false,"template":"","format":"standard","meta":{"om_disable_all_campaigns":false,"_jetpack_memberships_contains_paid_content":false,"footnotes":""},"categories":[621],"tags":[],"class_list":["post-38346","post","type-post","status-publish","format-standard","has-post-thumbnail","hentry","category-regionales"],"aioseo_notices":[],"gutentor_comment":0,"jetpack_featured_media_url":"https:\/\/eldiariodesanpedro.com.ar\/sitio\/wp-content\/uploads\/2018\/08\/PAGINA-6.jpg","jetpack_shortlink":"https:\/\/wp.me\/p6RhLt-9Yu","jetpack_sharing_enabled":true,"_links":{"self":[{"href":"https:\/\/eldiariodesanpedro.com.ar\/sitio\/wp-json\/wp\/v2\/posts\/38346","targetHints":{"allow":["GET"]}}],"collection":[{"href":"https:\/\/eldiariodesanpedro.com.ar\/sitio\/wp-json\/wp\/v2\/posts"}],"about":[{"href":"https:\/\/eldiariodesanpedro.com.ar\/sitio\/wp-json\/wp\/v2\/types\/post"}],"author":[{"embeddable":true,"href":"https:\/\/eldiariodesanpedro.com.ar\/sitio\/wp-json\/wp\/v2\/users\/4"}],"replies":[{"embeddable":true,"href":"https:\/\/eldiariodesanpedro.com.ar\/sitio\/wp-json\/wp\/v2\/comments?post=38346"}],"version-history":[{"count":1,"href":"https:\/\/eldiariodesanpedro.com.ar\/sitio\/wp-json\/wp\/v2\/posts\/38346\/revisions"}],"predecessor-version":[{"id":38348,"href":"https:\/\/eldiariodesanpedro.com.ar\/sitio\/wp-json\/wp\/v2\/posts\/38346\/revisions\/38348"}],"wp:featuredmedia":[{"embeddable":true,"href":"https:\/\/eldiariodesanpedro.com.ar\/sitio\/wp-json\/wp\/v2\/media\/38347"}],"wp:attachment":[{"href":"https:\/\/eldiariodesanpedro.com.ar\/sitio\/wp-json\/wp\/v2\/media?parent=38346"}],"wp:term":[{"taxonomy":"category","embeddable":true,"href":"https:\/\/eldiariodesanpedro.com.ar\/sitio\/wp-json\/wp\/v2\/categories?post=38346"},{"taxonomy":"post_tag","embeddable":true,"href":"https:\/\/eldiariodesanpedro.com.ar\/sitio\/wp-json\/wp\/v2\/tags?post=38346"}],"curies":[{"name":"wp","href":"https:\/\/api.w.org\/{rel}","templated":true}]}}