{"id":38343,"date":"2018-08-14T16:34:14","date_gmt":"2018-08-14T19:34:14","guid":{"rendered":"https:\/\/eldiariodesanpedro.com.ar\/sitio\/?p=38343"},"modified":"2018-08-14T16:34:14","modified_gmt":"2018-08-14T19:34:14","slug":"san-nicolas-hirieron-gravemente-a-un-joven-de-un-cascotazo-en-pelea-callejera","status":"publish","type":"post","link":"https:\/\/eldiariodesanpedro.com.ar\/sitio\/san-nicolas-hirieron-gravemente-a-un-joven-de-un-cascotazo-en-pelea-callejera\/","title":{"rendered":"SAN NICOL\u00c1S: Hirieron gravemente a un joven de un \u00abcascotazo\u00bb en pelea callejera"},"content":{"rendered":"<p><!-- VideographyWP Plugin Message: Automatic video embedding prevented by plugin options. --><br \/>\nEl domingo a la madrugada un joven de 18 a\u00f1os, en una pelea con otro grupo, recibi\u00f3 un cascotazo en la cabeza que le produjo fractura de cr\u00e1neo. Ayer la polic\u00eda detuvo al presunto agresor. El joven permanece internado en el hospital San Felipe-<br \/>\nPersonal policial tom\u00f3 conocimiento del ingreso al hospital local de un menor de 17 a\u00f1os, quien fue trasladado en autom\u00f3vil particular, desde calle Belgrano entre Urquiza y 9 de julio, producto de un golpe recibido en la cabeza, presumiblemente con una piedra, como consecuencia de una ri\u00f1a callejera.<br \/>\nDe testimonios recabados se pudo establecer la identidad del autor del hecho, que se tratar\u00eda de un joven de aproximadamente 18 a\u00f1os de edad, domiciliado en barrio G\u00fcemes.<br \/>\nFinalmente ayer la justicia luego de realizar un allanamiento en calle Brown detuvo al sospechoso del ataque que deber\u00e1 declarar en sede judicial.<br \/>\nEl M\u00e9dico de Guardia inform\u00f3 en primera instancia que la v\u00edctima presentaba fractura y hundimiento de cr\u00e1neo, con riesgo de vida. Ayer se pudo tomar conocimiento de que el joven se estar\u00eda recuperando favorablemente<\/p>\n<p>Ri\u00f1a callejera<br \/>\nPor lo que se pudo saber el hecho ocurri\u00f3 en la madrugada del domingo, a la salida de un bar c\u00e9ntrico, cuando un grupo de j\u00f3venes comenzaron a insultarse a los gritos y provocar pelea. En cierto momento los grupos tomaron piedras y empezaron a agredirse a cascotazos. Ah\u00ed fue cuando el muchacho recibi\u00f3 el impacto en la cabeza que lo dejo tendido e inconsciente en el asfalto<br \/>\nEn sede policial, se labraron actuaciones penales caratuladas \u201clesiones graves\u201d, con intervenci\u00f3n de la Unidad Funcional de Instrucci\u00f3n n\u00b04 San Nicol\u00e1s.<br \/>\nFuente: Diario El Norte<\/p>\n","protected":false},"excerpt":{"rendered":"<p>El domingo a la madrugada un joven de 18 a\u00f1os, en una pelea con otro grupo, recibi\u00f3 un cascotazo en la cabeza que le produjo fractura de cr\u00e1neo. Ayer la polic\u00eda detuvo al presunto agresor. El joven permanece internado en el hospital San Felipe- Personal policial tom\u00f3 conocimiento del ingreso al hospital local de un [&hellip;]<\/p>\n","protected":false},"author":4,"featured_media":38344,"comment_status":"open","ping_status":"closed","sticky":false,"template":"","format":"standard","meta":{"om_disable_all_campaigns":false,"_jetpack_memberships_contains_paid_content":false,"footnotes":""},"categories":[621],"tags":[],"class_list":["post-38343","post","type-post","status-publish","format-standard","has-post-thumbnail","hentry","category-regionales"],"aioseo_notices":[],"gutentor_comment":0,"jetpack_featured_media_url":"https:\/\/eldiariodesanpedro.com.ar\/sitio\/wp-content\/uploads\/2018\/08\/elnorte5b72962a1428c_6-hospital-3x10.jpg","jetpack_shortlink":"https:\/\/wp.me\/p6RhLt-9Yr","jetpack_sharing_enabled":true,"_links":{"self":[{"href":"https:\/\/eldiariodesanpedro.com.ar\/sitio\/wp-json\/wp\/v2\/posts\/38343","targetHints":{"allow":["GET"]}}],"collection":[{"href":"https:\/\/eldiariodesanpedro.com.ar\/sitio\/wp-json\/wp\/v2\/posts"}],"about":[{"href":"https:\/\/eldiariodesanpedro.com.ar\/sitio\/wp-json\/wp\/v2\/types\/post"}],"author":[{"embeddable":true,"href":"https:\/\/eldiariodesanpedro.com.ar\/sitio\/wp-json\/wp\/v2\/users\/4"}],"replies":[{"embeddable":true,"href":"https:\/\/eldiariodesanpedro.com.ar\/sitio\/wp-json\/wp\/v2\/comments?post=38343"}],"version-history":[{"count":1,"href":"https:\/\/eldiariodesanpedro.com.ar\/sitio\/wp-json\/wp\/v2\/posts\/38343\/revisions"}],"predecessor-version":[{"id":38345,"href":"https:\/\/eldiariodesanpedro.com.ar\/sitio\/wp-json\/wp\/v2\/posts\/38343\/revisions\/38345"}],"wp:featuredmedia":[{"embeddable":true,"href":"https:\/\/eldiariodesanpedro.com.ar\/sitio\/wp-json\/wp\/v2\/media\/38344"}],"wp:attachment":[{"href":"https:\/\/eldiariodesanpedro.com.ar\/sitio\/wp-json\/wp\/v2\/media?parent=38343"}],"wp:term":[{"taxonomy":"category","embeddable":true,"href":"https:\/\/eldiariodesanpedro.com.ar\/sitio\/wp-json\/wp\/v2\/categories?post=38343"},{"taxonomy":"post_tag","embeddable":true,"href":"https:\/\/eldiariodesanpedro.com.ar\/sitio\/wp-json\/wp\/v2\/tags?post=38343"}],"curies":[{"name":"wp","href":"https:\/\/api.w.org\/{rel}","templated":true}]}}