{"id":38340,"date":"2018-08-14T10:05:52","date_gmt":"2018-08-14T13:05:52","guid":{"rendered":"https:\/\/eldiariodesanpedro.com.ar\/sitio\/?p=38340"},"modified":"2018-08-14T10:05:52","modified_gmt":"2018-08-14T13:05:52","slug":"la-came-brinda-informacion-sobre-como-prodeceder-con-los-controles-aadi-capif","status":"publish","type":"post","link":"https:\/\/eldiariodesanpedro.com.ar\/sitio\/la-came-brinda-informacion-sobre-como-prodeceder-con-los-controles-aadi-capif\/","title":{"rendered":"La CAME brinda informaci\u00f3n sobre c\u00f3mo prodeceder con los controles AADI-CAPIF"},"content":{"rendered":"<p><!-- VideographyWP Plugin Message: Automatic video embedding prevented by plugin options. --><br \/>\nA trav\u00e9s del Centro de Comercio e Industria se informa como debe proceder un comerciantes ante la verificaci\u00f3n AADI-CAPIF seg\u00fan<br \/>\nLa Confederaci\u00f3n Argentina de la Mediana Empresa (CAME), en virtud de las numerosas consultas recibidas, recuerda a las entidades asociadas que CAME es la \u00fanica que, desde el a\u00f1o 2005, viene realizando diferentes gestiones ante AADI- CAPIF con el fin de evitar incorrectas aplicaciones de los  aranceles. <\/p>\n<p>Por ello, recordamos que la RESOLUCI\u00d3N 390\/2005 que establece el cuadro tarifario se encuentra plenamente vigente.<br \/>\nAnte cualquier verificaci\u00f3n practicada por AADI- CAPIF, sugerimos proceder como se detalla a continuaci\u00f3n: <\/p>\n<p>1. Exigir credencial.<\/p>\n<p>2. Si labran acta, no firmarla. <\/p>\n<p>3. Exigir copia legible del acta, la que deber\u00e1 ser conservada.<\/p>\n<p>4. En caso de recibir una carta documento, de cualquier tenor que esta sea, dirigirse inmediatamente a su C\u00e1mara o Centro Comercial con copia del acta labrada con anterioridad y de la carta documento. Consultar al Asesor Legal de la C\u00e1mara.<\/p>\n<p>5. CAME, por intermedio de su entidad empresaria, lo asesorar\u00e1 en la contestaci\u00f3n de la carta documento y los pasos a seguir con posterioridad.<\/p>\n<p>6. Como medida precautoria se aconseja a los comerciantes:<\/p>\n<p>a) No utilizar en forma directa m\u00fasica fonograbada (CD, o cualquier otro soporte, etc.) <\/p>\n<p>b) Limitarse solo al uso de difusiones p\u00fablicas (emisoras de radio y televisi\u00f3n). Solo esta situaci\u00f3n es cuestionable judicialmente. <\/p>\n<p>c) En ning\u00fan caso tener parlantes fuera del local y solo hacer uso de la radio o televisi\u00f3n en el interior del local.<br \/>\n7. Aconsejamos a las Entidades no firmar ning\u00fan convenio con AADI \u2013CAPIF ya que puede significar un antecedente o instrumento para cobrar aranceles.<\/p>\n<p>8. En todos los casos es importante consultar con la C\u00e1mara o Centro Comercial y asistirse con un profesional. <\/p>\n<p>Para ver el texto completo de la Resoluci\u00f3n 390 de la Secretar\u00eda de Medios de Comunicaci\u00f3n, haga clic aqu\u00ed.<\/p>\n<p>Buenos Aires, 22 de enero de 2016<\/p>\n","protected":false},"excerpt":{"rendered":"<p>A trav\u00e9s del Centro de Comercio e Industria se informa como debe proceder un comerciantes ante la verificaci\u00f3n AADI-CAPIF seg\u00fan La Confederaci\u00f3n Argentina de la Mediana Empresa (CAME), en virtud de las numerosas consultas recibidas, recuerda a las entidades asociadas que CAME es la \u00fanica que, desde el a\u00f1o 2005, viene realizando diferentes gestiones ante [&hellip;]<\/p>\n","protected":false},"author":4,"featured_media":38341,"comment_status":"open","ping_status":"closed","sticky":false,"template":"","format":"standard","meta":{"om_disable_all_campaigns":false,"_jetpack_memberships_contains_paid_content":false,"footnotes":""},"categories":[101,2],"tags":[],"class_list":["post-38340","post","type-post","status-publish","format-standard","has-post-thumbnail","hentry","category-interes-general-locales","category-locales"],"aioseo_notices":[],"gutentor_comment":0,"jetpack_featured_media_url":"https:\/\/eldiariodesanpedro.com.ar\/sitio\/wp-content\/uploads\/2018\/08\/big_7_thumb.jpg","jetpack_shortlink":"https:\/\/wp.me\/p6RhLt-9Yo","jetpack_sharing_enabled":true,"_links":{"self":[{"href":"https:\/\/eldiariodesanpedro.com.ar\/sitio\/wp-json\/wp\/v2\/posts\/38340","targetHints":{"allow":["GET"]}}],"collection":[{"href":"https:\/\/eldiariodesanpedro.com.ar\/sitio\/wp-json\/wp\/v2\/posts"}],"about":[{"href":"https:\/\/eldiariodesanpedro.com.ar\/sitio\/wp-json\/wp\/v2\/types\/post"}],"author":[{"embeddable":true,"href":"https:\/\/eldiariodesanpedro.com.ar\/sitio\/wp-json\/wp\/v2\/users\/4"}],"replies":[{"embeddable":true,"href":"https:\/\/eldiariodesanpedro.com.ar\/sitio\/wp-json\/wp\/v2\/comments?post=38340"}],"version-history":[{"count":1,"href":"https:\/\/eldiariodesanpedro.com.ar\/sitio\/wp-json\/wp\/v2\/posts\/38340\/revisions"}],"predecessor-version":[{"id":38342,"href":"https:\/\/eldiariodesanpedro.com.ar\/sitio\/wp-json\/wp\/v2\/posts\/38340\/revisions\/38342"}],"wp:featuredmedia":[{"embeddable":true,"href":"https:\/\/eldiariodesanpedro.com.ar\/sitio\/wp-json\/wp\/v2\/media\/38341"}],"wp:attachment":[{"href":"https:\/\/eldiariodesanpedro.com.ar\/sitio\/wp-json\/wp\/v2\/media?parent=38340"}],"wp:term":[{"taxonomy":"category","embeddable":true,"href":"https:\/\/eldiariodesanpedro.com.ar\/sitio\/wp-json\/wp\/v2\/categories?post=38340"},{"taxonomy":"post_tag","embeddable":true,"href":"https:\/\/eldiariodesanpedro.com.ar\/sitio\/wp-json\/wp\/v2\/tags?post=38340"}],"curies":[{"name":"wp","href":"https:\/\/api.w.org\/{rel}","templated":true}]}}