{"id":38336,"date":"2018-08-14T09:45:06","date_gmt":"2018-08-14T12:45:06","guid":{"rendered":"https:\/\/eldiariodesanpedro.com.ar\/sitio\/?p=38336"},"modified":"2018-08-14T09:45:06","modified_gmt":"2018-08-14T12:45:06","slug":"baradero-le-robaron-elementos-de-una-obra-en-construccion-y-descubrio-que-era-un-familiar","status":"publish","type":"post","link":"https:\/\/eldiariodesanpedro.com.ar\/sitio\/baradero-le-robaron-elementos-de-una-obra-en-construccion-y-descubrio-que-era-un-familiar\/","title":{"rendered":"BARADERO: Le robaron elementos de una obra en construcci\u00f3n y descubri\u00f3 que era un familiar"},"content":{"rendered":"<p><!-- VideographyWP Plugin Message: Automatic video embedding prevented by plugin options. --><br \/>\nFue el s\u00e1bado cerca de las 22.30 horas en una vivienda de Mart\u00edn Fierro al 1700.  La propietaria denunci\u00f3 que le hab\u00edan robado elementos de una obra en construcci\u00f3n. Se\u00f1al\u00f3 a un familiar como el responsable. La Polic\u00eda incaut\u00f3 lo sustra\u00eddo.<\/p>\n<p>Por Tu Radio el subcomisario Mario Mendez expres\u00f3 que \u201cse encontraron cuatro puertas las cuales correspond\u00edan a la denunciante\u201d. Fue en un domicilio de calle Pedro Alonso.<\/p>\n<p>Seg\u00fan el Jefe de la comisaria explic\u00f3 que \u201cel residente del mencionado domicilio hab\u00eda adquirido los elementos\u201d.<\/p>\n<p>Fuente: Tu Linea Directa<\/p>\n","protected":false},"excerpt":{"rendered":"<p>Fue el s\u00e1bado cerca de las 22.30 horas en una vivienda de Mart\u00edn Fierro al 1700. La propietaria denunci\u00f3 que le hab\u00edan robado elementos de una obra en construcci\u00f3n. Se\u00f1al\u00f3 a un familiar como el responsable. La Polic\u00eda incaut\u00f3 lo sustra\u00eddo. Por Tu Radio el subcomisario Mario Mendez expres\u00f3 que \u201cse encontraron cuatro puertas las [&hellip;]<\/p>\n","protected":false},"author":4,"featured_media":38337,"comment_status":"open","ping_status":"closed","sticky":false,"template":"","format":"standard","meta":{"om_disable_all_campaigns":false,"_jetpack_memberships_contains_paid_content":false,"footnotes":""},"categories":[621],"tags":[],"class_list":["post-38336","post","type-post","status-publish","format-standard","has-post-thumbnail","hentry","category-regionales"],"aioseo_notices":[],"gutentor_comment":0,"jetpack_featured_media_url":"https:\/\/eldiariodesanpedro.com.ar\/sitio\/wp-content\/uploads\/2018\/08\/comisaria.jpg","jetpack_shortlink":"https:\/\/wp.me\/p6RhLt-9Yk","jetpack_sharing_enabled":true,"_links":{"self":[{"href":"https:\/\/eldiariodesanpedro.com.ar\/sitio\/wp-json\/wp\/v2\/posts\/38336","targetHints":{"allow":["GET"]}}],"collection":[{"href":"https:\/\/eldiariodesanpedro.com.ar\/sitio\/wp-json\/wp\/v2\/posts"}],"about":[{"href":"https:\/\/eldiariodesanpedro.com.ar\/sitio\/wp-json\/wp\/v2\/types\/post"}],"author":[{"embeddable":true,"href":"https:\/\/eldiariodesanpedro.com.ar\/sitio\/wp-json\/wp\/v2\/users\/4"}],"replies":[{"embeddable":true,"href":"https:\/\/eldiariodesanpedro.com.ar\/sitio\/wp-json\/wp\/v2\/comments?post=38336"}],"version-history":[{"count":1,"href":"https:\/\/eldiariodesanpedro.com.ar\/sitio\/wp-json\/wp\/v2\/posts\/38336\/revisions"}],"predecessor-version":[{"id":38338,"href":"https:\/\/eldiariodesanpedro.com.ar\/sitio\/wp-json\/wp\/v2\/posts\/38336\/revisions\/38338"}],"wp:featuredmedia":[{"embeddable":true,"href":"https:\/\/eldiariodesanpedro.com.ar\/sitio\/wp-json\/wp\/v2\/media\/38337"}],"wp:attachment":[{"href":"https:\/\/eldiariodesanpedro.com.ar\/sitio\/wp-json\/wp\/v2\/media?parent=38336"}],"wp:term":[{"taxonomy":"category","embeddable":true,"href":"https:\/\/eldiariodesanpedro.com.ar\/sitio\/wp-json\/wp\/v2\/categories?post=38336"},{"taxonomy":"post_tag","embeddable":true,"href":"https:\/\/eldiariodesanpedro.com.ar\/sitio\/wp-json\/wp\/v2\/tags?post=38336"}],"curies":[{"name":"wp","href":"https:\/\/api.w.org\/{rel}","templated":true}]}}