{"id":38331,"date":"2018-08-14T09:20:58","date_gmt":"2018-08-14T12:20:58","guid":{"rendered":"https:\/\/eldiariodesanpedro.com.ar\/sitio\/?p=38331"},"modified":"2018-08-14T09:23:34","modified_gmt":"2018-08-14T12:23:34","slug":"la-direccion-de-rentas-informa-tasa-de-derechos-de-publicidad-y-propaganda","status":"publish","type":"post","link":"https:\/\/eldiariodesanpedro.com.ar\/sitio\/la-direccion-de-rentas-informa-tasa-de-derechos-de-publicidad-y-propaganda\/","title":{"rendered":"La Direcci\u00f3n de Rentas informa: Tasa de Derechos de Publicidad y Propaganda"},"content":{"rendered":"<p><!-- VideographyWP Plugin Message: Automatic video embedding prevented by plugin options. --><br \/>\nEn virtud del pr\u00f3ximo cobro de la Tasa de Derecho de Publicidad y Propaganda, informamos a los se\u00f1ores contribuyentes los diferentes hechos o actos alcanzados por este derecho que establece la Ordenanza Fiscal vigente en su Cap\u00edtulo VI &#8211; Art. 156\u00ba:<\/p>\n<p>\u201cLos hechos o actos tendientes a publicitar y\/o propagar actos de comercio o actividades econ\u00f3micas mediante anuncios y\/o letreros, con o sin estructuras de soporte, en la v\u00eda p\u00fablica o que trascienda a \u00e9sta, utilizando elementos de diversas caracter\u00edsticas, realizados previa autorizaci\u00f3n del Departamento Ejecutivo, a trav\u00e9s del \u00e1rea de Comercio,Inspecci\u00f3n General y el \u00c1rea de Publicidad y Propaganda, respetando los requisitos y limitaciones conforme a las normas vigentes, quedando alcanzados por los derechos que trata el presente cap\u00edtulo.<\/p>\n<p>A) Enti\u00e9ndase por Aviso, a la Publicidad y\/o Propaganda realizada mediante una leyenda, inscripci\u00f3n, dibujo, colores identificatorios, imagen, emisi\u00f3n de sonidos o m\u00fasica y todo otro elemento similar, cuyo fin sea la difusi\u00f3n p\u00fablica de productos, marcas, eventos, actividades, empresas o cualquier otro objeto de o con car\u00e1cter esencialmente comercial o lucrativo, incluyendo a:<\/p>\n<p>1) Avisos colocados en sitio o local distinto al destinado para el comercio, industria y\/o actividad que en \u00e9l se desarrolla.<br \/>\n2) Avisos combinados, los cuales estando colocados en el mismo local del comercio, industria y\/o actividad que en \u00e9l se desarrollen, publiciten, simult\u00e1neamente dicha actividad y a productos o servicios que se expendan y\/o presenten en dicho local. Siempre que los avisos sean declarados en tiempo y forma, ante el \u00e1rea correspondiente, y la empresa asuma con la presentaci\u00f3n todas las obligaciones emergentes por la generaci\u00f3n del Hecho Imponible. De no haber presentaci\u00f3n formal por parte de esta, se considerara como responsable solidario a quien se beneficie directa e indirectamente con la publicidad o propaganda.<br \/>\n3) Avisos ocasionales (Avisos correspondiente a remate, venta, locaci\u00f3n, cambio de domicilio o sede, liquidaci\u00f3n de mercader\u00edas y\/o eventos temporales de no m\u00e1s de 90 d\u00edas de duraci\u00f3n, no estando ubicados en el comercio o lugar de remate, venta o locaci\u00f3n).<br \/>\n4) Avisos Frontales. (Paralelos a la L\u00ednea Municipal o de Ochava)<br \/>\n5) Avisos Salientes. (Perpendiculares u oblicuos a la l\u00ednea Municipal)<br \/>\n6) Avisos Salientes de la L\u00ednea Municipal.<br \/>\n7) Avisos Medianeros. (Decorado sobre Muro Medianera)<br \/>\n8) Avisos Iluminados. (Los que reciben luz artificialmente mediante fuentes luminosas externas, instaladas a tal efecto delante, detr\u00e1s o a un lado del anuncio)<br \/>\n9) Avisos Luminosos. (Emiten luz propia cuyo mensaje o imagen est\u00e1n formados por elementos luminosos de gas de ne\u00f3n y\/o similares)<br \/>\n10) Avisos animados. (Producen sensaci\u00f3n de movimiento, por la articulaci\u00f3n de sus partes o por efectos de luces.)<br \/>\n11) Exhibidores. (Artefactos especiales que incluyen leyendas publicitarias, desplegables o no, en formas diversas, conteniendo o no mercader\u00edas para colocar en vidrieras, veredas, etc.)<br \/>\n12) Avisos Carteles o Pantallas destinadas a la fijaci\u00f3n de afiches.<br \/>\n13) Avisos en Estructura de Sost\u00e9n. (Instalaciones portantes de Avisos, emplazadas en predios privados o p\u00fablicos).<br \/>\n14) Toldos. (Cubiertos impermeables no transitables, construidos con fines publicitarios, no pudiendo conformar un caj\u00f3n de doble techo, los cuales podr\u00e1n llevar anuncios pintados sobre sus caras)<br \/>\n15) Paramentos. (Cualquiera de los muros exteriores que conforman un edificio)<br \/>\n16) Avisos en Columnas Publicitarias emplazadas en la acera, predios privados o p\u00fablicos.<br \/>\n17) Avisos en parantes fijos en la v\u00eda p\u00fablica, sin avanzar sobre la calzada.<br \/>\n18) Avisos instalados en el frente de obras en construcci\u00f3n.<br \/>\n19) Avisos en aleros y\/o Marquesinas.<br \/>\n20) Avisos en pasacalles tendidos y\/o colgados sobre la calzada.<br \/>\n21) Mesas y sillas con o sin sombrilla.<br \/>\n22) Aviso en Cabinas Telef\u00f3nicas.<br \/>\n23) Avisos Sonoros, realizados mediante voz humana u otro medio audible, reproducidos ya sea electr\u00f3nicamente, usando micr\u00f3fonos, amplificadores, altavoces, etc.<br \/>\nB) Por Letrero enti\u00e9ndase a la Publicidad y\/o Propaganda propia del establecimiento donde se desarrolla la misma, siendo toda leyenda, inscripci\u00f3n, dibujo, colores identificatorios, imagen, emisi\u00f3n de sonidos o m\u00fasica y todo otro elemento similar, cuyo fin sea la difusi\u00f3n p\u00fablica de productos, marcas, eventos, actividades, empresas o cualquier otro objeto de o con car\u00e1cter esencialmente comercial o lucrativo, incluyendo a:<br \/>\n1) Letreros del titular colocados en el mismo local del comercio, industria, etc., referidos exclusivamente a dicha actividad, a partir y\/o sobre la l\u00ednea de edificaci\u00f3n municipal.<br \/>\n2) Letreros combinados siempre que la empresa no asuma obligaciones fiscales sobre el hecho imponible.<br \/>\n3) Letreros ocasionales (Avisos correspondiente a remate, venta, locaci\u00f3n, cambio de domicilio o sede, liquidaci\u00f3n de mercader\u00edas y\/o eventos temporales de no m\u00e1s de 90 d\u00edas de duraci\u00f3n, no estando ubicados en el comercio o lugar de remate, venta o locaci\u00f3n).<br \/>\n4) Afiches pintados o impresos en papel para ser fijados en pantalla o cartelera.<br \/>\n5) Letreros Frontales (Paralelos a la l\u00ednea Municipal o de Ochava)<br \/>\n6) Letreros Salientes (Perpendiculares u Oblicuos a la l\u00ednea Municipal)<br \/>\n7) Letreros salientes de la L\u00ednea Municipal.<br \/>\n8) Letreros sobre pared medianera.<br \/>\n9) Letreros Iluminados. (Los que reciben luz artificialmente mediante fuentes luminosas externas, instaladas a tal efecto delante, detr\u00e1s o a un lado del Letrero)<br \/>\n10) Letreros Luminosos. (Emiten luz propia cuyo mensaje o imagen est\u00e1n formados por elementos luminosos de gas de ne\u00f3n y\/o similares)<br \/>\n11) Letreros Animados. (Producen sensaci\u00f3n de movimiento, por la articulaci\u00f3n de sus partes o por efectos de luces.)<br \/>\n12) Volantes, impresos en papel para ser distribuidos en mano (Ajustados a la Ley Provincial N\u00ba 11.412)<br \/>\n13) Letreros m\u00f3viles, trasladables por medio humano, mec\u00e1nico y\/o cualquier otro.<br \/>\n14) Exhibidores. (Artefactos especiales que incluyen leyendas publicitaria, desplegables o no, en formas diversas, conteniendo o no mercader\u00edas para colocar en vidrieras, veredas, etc.)<br \/>\n15) Letreros en Estructura de Sost\u00e9n. (Instalaciones portantes de Avisos)<br \/>\n16) Toldos. (Cubiertos impermeables no transitables, construidos con fines publicitarios, no pudiendo conformar un caj\u00f3n de doble techo, los cuales podr\u00e1n llevar anuncios pintados sobre sus caras)<br \/>\n17) Letreros en Columnas Publicitarias emplazadas en la acera, predios privados o p\u00fablicos.<br \/>\n18) Letreros en garantes fijos en la v\u00eda p\u00fablica, sin avanzar sobre la calzada.<br \/>\n19) Letreros instalados en el frente de obras en construcci\u00f3n.<br \/>\n20) Letreros en aleros y\/o Marquesinas.<br \/>\n21) Letreros en pasacalles tendidos y\/o colgados sobre la calzada.<br \/>\n22) Mesas y sillas con o sin sombrilla.<br \/>\n23) Publicidad efectuada por promotores\/as en la v\u00eda p\u00fablica y\/o dentro de establecimientos comerciales.<br \/>\n24) Exterior de Veh\u00edculos.<br \/>\n25) Espacios Publicitarios en Telones Cinematogr\u00e1ficos y\/o Teatros.<\/p>\n","protected":false},"excerpt":{"rendered":"<p>En virtud del pr\u00f3ximo cobro de la Tasa de Derecho de Publicidad y Propaganda, informamos a los se\u00f1ores contribuyentes los diferentes hechos o actos alcanzados por este derecho que establece la Ordenanza Fiscal vigente en su Cap\u00edtulo VI &#8211; Art. 156\u00ba: \u201cLos hechos o actos tendientes a publicitar y\/o propagar actos de comercio o actividades [&hellip;]<\/p>\n","protected":false},"author":4,"featured_media":38333,"comment_status":"open","ping_status":"closed","sticky":false,"template":"","format":"standard","meta":{"om_disable_all_campaigns":false,"_jetpack_memberships_contains_paid_content":false,"footnotes":""},"categories":[101,2],"tags":[],"class_list":["post-38331","post","type-post","status-publish","format-standard","has-post-thumbnail","hentry","category-interes-general-locales","category-locales"],"aioseo_notices":[],"gutentor_comment":0,"jetpack_featured_media_url":"https:\/\/eldiariodesanpedro.com.ar\/sitio\/wp-content\/uploads\/2018\/08\/evento-publicidade-propaganda-palestras-profissionais-setor-noticias.jpg","jetpack_shortlink":"https:\/\/wp.me\/p6RhLt-9Yf","jetpack_sharing_enabled":true,"_links":{"self":[{"href":"https:\/\/eldiariodesanpedro.com.ar\/sitio\/wp-json\/wp\/v2\/posts\/38331","targetHints":{"allow":["GET"]}}],"collection":[{"href":"https:\/\/eldiariodesanpedro.com.ar\/sitio\/wp-json\/wp\/v2\/posts"}],"about":[{"href":"https:\/\/eldiariodesanpedro.com.ar\/sitio\/wp-json\/wp\/v2\/types\/post"}],"author":[{"embeddable":true,"href":"https:\/\/eldiariodesanpedro.com.ar\/sitio\/wp-json\/wp\/v2\/users\/4"}],"replies":[{"embeddable":true,"href":"https:\/\/eldiariodesanpedro.com.ar\/sitio\/wp-json\/wp\/v2\/comments?post=38331"}],"version-history":[{"count":1,"href":"https:\/\/eldiariodesanpedro.com.ar\/sitio\/wp-json\/wp\/v2\/posts\/38331\/revisions"}],"predecessor-version":[{"id":38332,"href":"https:\/\/eldiariodesanpedro.com.ar\/sitio\/wp-json\/wp\/v2\/posts\/38331\/revisions\/38332"}],"wp:featuredmedia":[{"embeddable":true,"href":"https:\/\/eldiariodesanpedro.com.ar\/sitio\/wp-json\/wp\/v2\/media\/38333"}],"wp:attachment":[{"href":"https:\/\/eldiariodesanpedro.com.ar\/sitio\/wp-json\/wp\/v2\/media?parent=38331"}],"wp:term":[{"taxonomy":"category","embeddable":true,"href":"https:\/\/eldiariodesanpedro.com.ar\/sitio\/wp-json\/wp\/v2\/categories?post=38331"},{"taxonomy":"post_tag","embeddable":true,"href":"https:\/\/eldiariodesanpedro.com.ar\/sitio\/wp-json\/wp\/v2\/tags?post=38331"}],"curies":[{"name":"wp","href":"https:\/\/api.w.org\/{rel}","templated":true}]}}