{"id":38315,"date":"2018-08-13T21:16:56","date_gmt":"2018-08-14T00:16:56","guid":{"rendered":"https:\/\/eldiariodesanpedro.com.ar\/sitio\/?p=38315"},"modified":"2026-01-24T00:11:15","modified_gmt":"2026-01-24T03:11:15","slug":"futbol-local-jugada-la-segunda-fecha-del-torneo-clausura-los-punteros-son-sportivo-la-esperanza-y-central-cordoba-en-la-a-mitre-y-gral-san-martin-en-la-b","status":"publish","type":"post","link":"https:\/\/eldiariodesanpedro.com.ar\/sitio\/futbol-local-jugada-la-segunda-fecha-del-torneo-clausura-los-punteros-son-sportivo-la-esperanza-y-central-cordoba-en-la-a-mitre-y-gral-san-martin-en-la-b\/","title":{"rendered":"F\u00daTBOL LOCAL: Jugada la segunda fecha del Torneo Clausura los punteros son: Sportivo, La Esperanza y Central C\u00f3rdoba en la \u201cA\u201d; Mitre y Gral. San Mart\u00edn en la \u201cB\u201d"},"content":{"rendered":"<p><!-- VideographyWP Plugin Message: Automatic video embedding prevented by plugin options. --><br \/>\n  La segunda jornada del torneo Clausura \u201cBeto Manresa-Rubito L\u00f3pez\u201d se jug\u00f3 entre s\u00e1bado y domingo, siendo el detalle de la fecha 2 el siguiente:<br \/>\n  En la zona \u201cA\u201d hubo triunfos de Sportivo, Central C\u00f3rdoba y La Esperanza, en la zona \u201cB\u201d gan\u00f3 Independencia, Mitre y San Mart\u00edn en el descuento de tiro penal.<\/p>\n<p><strong>Detalle de la fecha<\/strong><br \/>\n<strong>Zona A<\/strong><br \/>\n<em>S\u00e1bado 11 de agosto<\/em><br \/>\nAm\u00e9rica 0 \u2013 La Esperanza 1<br \/>\nGol: Mart\u00edn Gorbar\u00e1n (LE)<br \/>\n(Quinta: 0-9\/Cuarta: 0-4\/Tercera: 3-1\/Sub 21: 1-0)<\/p>\n<p><em>Domingo 12 de agosto<\/em><br \/>\nFundici\u00f3n 0-Sportivo 7<br \/>\nGoles: Agust\u00edn Poll x3, Santiago Sandoval x2, Ezequiel B\u00e1ez Corradi y Germ\u00e1n Bulgarella<br \/>\n(Quinta: 0-7\/Cuarta: 0-2\/Tercera: 0-1\/Sub 21: 0-1)<\/p>\n<p>Banfield 0-Paran\u00e1 FC 0<br \/>\n(Quinta: 0-2\/Cuarta: 0-7\/Tercera: 0-3\/Sub 21: 2-1)<\/p>\n<p>Agricultores 0-Central C\u00f3rdoba 4<br \/>\nGoles: Sergio Trotta x2 y Leonardo Grassi x2<br \/>\n(Quinta: 1-3\/Cuarta: 4-1\/Tercera: 4-0\/Sub 21: 8-0)<\/p>\n<p><strong>Zona B<\/strong><br \/>\n<em>Domingo 12 de agosto<\/em><br \/>\nRivadavia 0-Atl\u00e9tico 0<br \/>\n(Quinta: 2-1\/Cuarta: 1-1\/Tercera: 1-1\/Sub 21: 2-1)<\/p>\n<p>Independencia 1-Def. Unidos 0<br \/>\nGol: Agust\u00edn Esquivel<br \/>\n(Quinta: 3-0\/Cuarta: 0-2\/Tercera: 1-0\/Sub 21: 0-0)<\/p>\n<p>San Roque 0-Mitre 4<br \/>\n(Quinta: 1-3\/Cuarta: 0-3\/Tercera: 0-0\/Sub 21: 0-3)<\/p>\n<p>Las Palmeras 0-G. San Mart\u00edn 1<br \/>\nGol: Jos\u00e9 G\u00f3mez de tiro penal<br \/>\n(Quinta: 1-2\/Cuarta: 5-0\/Tercera: 0-1\/Sub 21: 2-3)<\/p>\n<p><strong>Interzonal A y B<\/strong><br \/>\nIreneo Portela 2-Dep. Alsina 2<br \/>\nGoles: Joan Galli (P) x2, Juli\u00e1n N\u00fa\u00f1ez y Germ\u00e1n Sotto.<br \/>\n(Quinta: 3-0\/Cuarta: 6-1\/Tercera: 0-2\/Sub 21: 2-1)<\/p>\n<p><strong>Posiciones<\/strong><\/p>\n<p><strong>Quinta<\/strong><br \/>\n<em>Zona A:<\/em> La Esperanza 6, Sportivo 6, Paran\u00e1 6, Banfield 3, Agricultores 3, C. C\u00f3rdoba 3, Portela 3Am\u00e9rica 0, Fundici\u00f3n 0.<br \/>\nZona B: Rivadavia 6, Independencia 6, G. San Mart\u00edn 6, Atl\u00e9tico 3, Mitre 3, Def. Unidos 0, Alsina 0, San Roque 0, Las Palmeras 0.<\/p>\n<p><strong>Cuarta<\/strong><br \/>\n<em>Zona A:<\/em> Sportivo 6, Agricultores 6, Paran\u00e1 6, C. C\u00f3rdoba 3 y Fundici\u00f3n 3, La Esperanza 3, Portela 3, Am\u00e9rica, Banfield y.<br \/>\n<em>Zona B:<\/em> Mitre 6, Def. Unidos 6, Atl\u00e9tico 4, Las Palmeras 3, G. San Mart\u00edn 1, San Roque 1, Rivadavia 1, Alsina 0, Independencia 0.<\/p>\n<p><strong>Tercera<\/strong><br \/>\n<em>Zona A:<\/em> Agricultores 6, Sportivo 6, Am\u00e9rica 4, Paran\u00e1 4, C. C\u00f3rdoba 3, Fundici\u00f3n 3, La Esperanza 0, Banfield 0 y Portela 0.<br \/>\n<em>Zona B:<\/em> G. San Mart\u00edn 6, Independencia 6, Atl\u00e9tico 4, Def. Unidos 3, Alsina 3, Mitre 1, Rivadavia 1, San Roque 1, Las Palmeras 0.<\/p>\n<p><strong>Sub 21<\/strong><br \/>\n<em>Zona A:<\/em> La Esperanza 6, Banfield 6, Portela 6, Agricultores 3, Paran\u00e1 3, Sportivo 3, C. C\u00f3rdoba 3, Am\u00e9rica 0, Fundici\u00f3n 0.<br \/>\n<em>Zona B:<\/em> Def. Unidos 4, Independencia 4, San Mart\u00edn 4, Mitre 3, Rivadavia 3, San Roque 3, Atl\u00e9tico 3, Alsina 0, Las Palmeras 0.<\/p>\n<p>Primera divisi\u00f3n- Torneo Clausura Anual Clasificatorio \u201cBeto Manresa-Rubito L\u00f3pez\u201d<\/p>\n<p><img decoding=\"async\" data-attachment-id=\"38319\" data-permalink=\"https:\/\/eldiariodesanpedro.com.ar\/sitio\/futbol-local-jugada-la-segunda-fecha-del-torneo-clausura-los-punteros-son-sportivo-la-esperanza-y-central-cordoba-en-la-a-mitre-y-gral-san-martin-en-la-b\/tabla-general-apertura-clausura-2018\/\" data-orig-file=\"https:\/\/eldiariodesanpedro.com.ar\/sitio\/wp-content\/uploads\/2018\/08\/Tabla-general-Apertura-Clausura-2018.jpg\" data-orig-size=\"1666,916\" data-comments-opened=\"1\" data-image-meta=\"{&quot;aperture&quot;:&quot;0&quot;,&quot;credit&quot;:&quot;Fernando Bettendorff&quot;,&quot;camera&quot;:&quot;&quot;,&quot;caption&quot;:&quot;&quot;,&quot;created_timestamp&quot;:&quot;1534188059&quot;,&quot;copyright&quot;:&quot;&quot;,&quot;focal_length&quot;:&quot;0&quot;,&quot;iso&quot;:&quot;0&quot;,&quot;shutter_speed&quot;:&quot;0&quot;,&quot;title&quot;:&quot;&quot;,&quot;orientation&quot;:&quot;0&quot;}\" data-image-title=\"Tabla general Apertura-Clausura 2018\" data-image-description=\"\" data-image-caption=\"\" data-large-file=\"https:\/\/eldiariodesanpedro.com.ar\/sitio\/wp-content\/uploads\/2018\/08\/Tabla-general-Apertura-Clausura-2018-1024x563.jpg\" data-src=\"https:\/\/eldiariodesanpedro.com.ar\/sitio\/wp-content\/uploads\/2018\/08\/Tabla-general-Apertura-Clausura-2018-1024x563.jpg\" alt=\"\" width=\"660\" height=\"363\" class=\"alignnone size-large wp-image-38319 lazyload\" data-srcset=\"https:\/\/eldiariodesanpedro.com.ar\/sitio\/wp-content\/uploads\/2018\/08\/Tabla-general-Apertura-Clausura-2018-1024x563.jpg 1024w, https:\/\/eldiariodesanpedro.com.ar\/sitio\/wp-content\/uploads\/2018\/08\/Tabla-general-Apertura-Clausura-2018-300x165.jpg 300w, https:\/\/eldiariodesanpedro.com.ar\/sitio\/wp-content\/uploads\/2018\/08\/Tabla-general-Apertura-Clausura-2018-768x422.jpg 768w, https:\/\/eldiariodesanpedro.com.ar\/sitio\/wp-content\/uploads\/2018\/08\/Tabla-general-Apertura-Clausura-2018.jpg 1666w\" data-sizes=\"(max-width: 660px) 100vw, 660px\" src=\"data:image\/svg+xml;base64,PHN2ZyB3aWR0aD0iMSIgaGVpZ2h0PSIxIiB4bWxucz0iaHR0cDovL3d3dy53My5vcmcvMjAwMC9zdmciPjwvc3ZnPg==\" style=\"--smush-placeholder-width: 660px; --smush-placeholder-aspect-ratio: 660\/363;\" \/><br \/>\n<strong>Tabla general (Apertura-Clausura 2018)<\/strong><\/p>\n<p>Mitre 30 (204\/5)+19<br \/>\nLa Esperanza 28 (32\/11)+21<br \/>\nSan Mart\u00edn 27 (23\/14)+9<br \/>\nSportivo 26 (36\/8)+28<br \/>\nParan\u00e1 FC 21 (27\/12)+15<br \/>\nAtl\u00e9tico 21 (24\/11)+13<br \/>\nLas Palmeras 21 (16\/10)+6<br \/>\nBanfield 20 (19\/14)+5<br \/>\nCentral C\u00f3rdoba 16 (22\/20) +2<br \/>\nAlsina 14 (28\/22) +6<br \/>\nDef. Unidos 12 (15\/19) &#8211; 4<br \/>\nRivadavia 12 (7\/15) &#8211; 8<br \/>\nIndependencia FC 13 (16\/18) &#8211; 2<br \/>\nAgricultores Club 10 (13\/22) &#8211; 9<br \/>\nIreneo Portela 8 (12\/26)- 8<br \/>\nAm\u00e9rica 6 (10\/23)- 13<br \/>\nSan Roque FC 0 (5\/41) &#8211; 36<br \/>\nFundici\u00f3n FC 0 (2\/46) &#8211; 44<\/p>\n<p>Pr\u00f3xima fecha (3ra)<br \/>\nZona A<br \/>\nParan\u00e1 FC vs. Agricultores Club<br \/>\nSportivo vs. Am\u00e9rica<br \/>\nLa Esperanza vs. Banfield<br \/>\nIreneo Portela vs. Fundici\u00f3n FC<\/p>\n<p>Zona B<br \/>\nDep. Alsina vs. Rivadavia<br \/>\nAtl\u00e9tico vs. Independencia FC<br \/>\nMitre vs. Las Palmeras<br \/>\nDef. Unidos vs. San Roque FC<br \/>\nInterzonal<br \/>\nCentral C\u00f3rdoba vs. Gral. San Mart\u00edn<\/p>\n","protected":false},"excerpt":{"rendered":"<p>La segunda jornada del torneo Clausura \u201cBeto Manresa-Rubito L\u00f3pez\u201d se jug\u00f3 entre s\u00e1bado y domingo, siendo el detalle de la fecha 2 el siguiente: En la zona \u201cA\u201d hubo triunfos de Sportivo, Central C\u00f3rdoba y La Esperanza, en la zona \u201cB\u201d gan\u00f3 Independencia, Mitre y San Mart\u00edn en el descuento de tiro penal. Detalle de [&hellip;]<\/p>\n","protected":false},"author":4,"featured_media":38320,"comment_status":"open","ping_status":"closed","sticky":false,"template":"","format":"standard","meta":{"om_disable_all_campaigns":false,"_jetpack_memberships_contains_paid_content":false,"footnotes":""},"categories":[5],"tags":[],"class_list":["post-38315","post","type-post","status-publish","format-standard","has-post-thumbnail","hentry","category-deportes"],"aioseo_notices":[],"gutentor_comment":0,"jetpack_featured_media_url":"https:\/\/eldiariodesanpedro.com.ar\/sitio\/wp-content\/uploads\/2018\/08\/Mitre-nuevamente-es-l\u00edder.-San-Roque-no-sumo-puntos-en-2018.jpg","jetpack_shortlink":"https:\/\/wp.me\/p6RhLt-9XZ","jetpack_sharing_enabled":true,"_links":{"self":[{"href":"https:\/\/eldiariodesanpedro.com.ar\/sitio\/wp-json\/wp\/v2\/posts\/38315","targetHints":{"allow":["GET"]}}],"collection":[{"href":"https:\/\/eldiariodesanpedro.com.ar\/sitio\/wp-json\/wp\/v2\/posts"}],"about":[{"href":"https:\/\/eldiariodesanpedro.com.ar\/sitio\/wp-json\/wp\/v2\/types\/post"}],"author":[{"embeddable":true,"href":"https:\/\/eldiariodesanpedro.com.ar\/sitio\/wp-json\/wp\/v2\/users\/4"}],"replies":[{"embeddable":true,"href":"https:\/\/eldiariodesanpedro.com.ar\/sitio\/wp-json\/wp\/v2\/comments?post=38315"}],"version-history":[{"count":1,"href":"https:\/\/eldiariodesanpedro.com.ar\/sitio\/wp-json\/wp\/v2\/posts\/38315\/revisions"}],"predecessor-version":[{"id":38321,"href":"https:\/\/eldiariodesanpedro.com.ar\/sitio\/wp-json\/wp\/v2\/posts\/38315\/revisions\/38321"}],"wp:featuredmedia":[{"embeddable":true,"href":"https:\/\/eldiariodesanpedro.com.ar\/sitio\/wp-json\/wp\/v2\/media\/38320"}],"wp:attachment":[{"href":"https:\/\/eldiariodesanpedro.com.ar\/sitio\/wp-json\/wp\/v2\/media?parent=38315"}],"wp:term":[{"taxonomy":"category","embeddable":true,"href":"https:\/\/eldiariodesanpedro.com.ar\/sitio\/wp-json\/wp\/v2\/categories?post=38315"},{"taxonomy":"post_tag","embeddable":true,"href":"https:\/\/eldiariodesanpedro.com.ar\/sitio\/wp-json\/wp\/v2\/tags?post=38315"}],"curies":[{"name":"wp","href":"https:\/\/api.w.org\/{rel}","templated":true}]}}