{"id":38313,"date":"2018-08-13T21:11:23","date_gmt":"2018-08-14T00:11:23","guid":{"rendered":"https:\/\/eldiariodesanpedro.com.ar\/sitio\/?p=38313"},"modified":"2018-08-13T21:11:23","modified_gmt":"2018-08-14T00:11:23","slug":"se-viene-un-nuevo-super-miercoles-de-descuentos-del-banco-provincia","status":"publish","type":"post","link":"https:\/\/eldiariodesanpedro.com.ar\/sitio\/se-viene-un-nuevo-super-miercoles-de-descuentos-del-banco-provincia\/","title":{"rendered":"Se viene un nuevo s\u00faper mi\u00e9rcoles de descuentos del Banco Provincia"},"content":{"rendered":"<p><!-- VideographyWP Plugin Message: Automatic video embedding prevented by plugin options. --><br \/>\nEsta semana volver\u00e1 a instrumentarse la promoci\u00f3n del 50 por ciento de devoluci\u00f3n para las compras realizadas en un pago, y un tope de reintegro mensual unificado de 1.500. En San Nicol\u00e1s s\u00f3lo adhiere la Cooperativa Obrera, que en las dos ediciones del mes de julio se vio invadido por los nicole\u00f1os que operan con tarjetas de cr\u00e9dito y d\u00e9bito del Banco Provincia.<\/p>\n<p>  El Banco Provincia oficializ\u00f3 los dos d\u00edas de grandes descuentos que tendr\u00e1 agosto para las compras en los supermercados adheridos a la iniciativa impulsada por el Gobierno bonaerense. En ese sentido, la entidad que preside Juan Curutchet comunic\u00f3 que durante agosto los dos pr\u00f3ximos \u201csupermi\u00e9rcoles\u201d se realizar\u00e1n el 15 y el 22. En San Nicol\u00e1s s\u00f3lo adhiere la Cooperativa Obrera, que en las dos ediciones del mes de julio se vio invadido por los nicole\u00f1os que operan con tarjetas de cr\u00e9dito y d\u00e9bito del Banco Provincia. Incluso, hab\u00eda largas colas de clientes para hacerse de un changuito.<br \/>\n  La entidad financiera aplica la promoci\u00f3n del 50 por ciento de devoluci\u00f3n para las compras realizadas en un pago, y un tope de reintegro mensual unificado de $1500 \u00fanico por cliente. Para entender la bonificaci\u00f3n vale tener en cuenta estos ejemplos: en una compra de $3.000 se reintegrar\u00e1n $1.500; en una compra de $1000 se reintegrar\u00e1n 500 pesos (50% de la compra). En tanto, en una compra de $5000 se reintegrar\u00e1n $1.500 (tope del beneficio).<br \/>\n  El plan de fomento de consumo aplica para la compra de las siguientes categor\u00edas: alimentos, frescos, frutas y verduras, bebidas sin alcohol, art\u00edculos del sector de limpieza, cortes de cerdo: todos. Cortes de carne: tapa de asado, paleta y roast beef. Adem\u00e1s, se incluyen productos de las categor\u00edas y\/o rubros mencionados, bajo el compromiso de \u201cPrecios Cuidados\u201d.<\/p>\n<p><strong>\u201cVisi\u00f3n social\u201d<\/strong><br \/>\n  En di\u00e1logo exclusivo con EL NORTE, Juan Curutchet destac\u00f3 que la promoci\u00f3n \u201cse funda en dos factores: La visi\u00f3n social que nos plantea la gobernadora Mar\u00eda Eugenia Vidal para las pol\u00edticas implementadas por el Banco Provincia. Y, al mismo tiempo, la visi\u00f3n del Banco como empresa. A nosotros nos sirve que la gente utilice los medios de pagos electr\u00f3nicos y no que retire todo el salario una vez que se lo depositan en sus cuentas\u201d, explic\u00f3 Curuchet. \u201cY eso es lo que est\u00e1 ocurriendo. De hecho, esta promoci\u00f3n permiti\u00f3 que volvieran a activarse unas 50.000 tarjetas que no hab\u00edan sido utilizadas en los 30 d\u00edas previos\u201d, se entusiasm\u00f3 el presidente de la entidad.<\/p>\n<p><strong>M\u00e1s de medio mill\u00f3n<\/strong><br \/>\n  En julio, m\u00e1s de medio mill\u00f3n de personas accedieron al beneficio que ofrece el Banco Provincia. Seg\u00fan inform\u00f3 el Bapro, en algunos supermercados se duplic\u00f3 o triplic\u00f3 la afluencia de gente en relaci\u00f3n a una jornada sin descuentos.<br \/>\n  El ticket promedio de las transacciones fue de 2.093 pesos, con un 60% de las operaciones realizadas a trav\u00e9s de tarjeta de d\u00e9bito y el 40% restante con tarjetas de cr\u00e9dito.<br \/>\n  En la primera jornada de la promoci\u00f3n, el mi\u00e9rcoles 18 de julio, el 60% de las personas que accedieron al beneficio tiene ingresos inferiores a los 30.000 pesos. Se trata de porcentajes similares a los registrados el a\u00f1o pasado.<br \/>\n  Casi el 70% de las personas que disfrutaron del beneficio en la primera jornada son jubilados (crecieron en relaci\u00f3n al a\u00f1o pasado) y empleados p\u00fablicos. En ese grupo destacan los docentes, seguidos por los empleados municipales, trabajadores de la Provincia, polic\u00edas, trabajadores de la salud y judiciales.<\/p>\n<p>Fuente: Diario El Norte<\/p>\n","protected":false},"excerpt":{"rendered":"<p>Esta semana volver\u00e1 a instrumentarse la promoci\u00f3n del 50 por ciento de devoluci\u00f3n para las compras realizadas en un pago, y un tope de reintegro mensual unificado de 1.500. En San Nicol\u00e1s s\u00f3lo adhiere la Cooperativa Obrera, que en las dos ediciones del mes de julio se vio invadido por los nicole\u00f1os que operan con [&hellip;]<\/p>\n","protected":false},"author":4,"featured_media":38316,"comment_status":"open","ping_status":"closed","sticky":false,"template":"","format":"standard","meta":{"om_disable_all_campaigns":false,"_jetpack_memberships_contains_paid_content":false,"footnotes":""},"categories":[621],"tags":[],"class_list":["post-38313","post","type-post","status-publish","format-standard","has-post-thumbnail","hentry","category-regionales"],"aioseo_notices":[],"gutentor_comment":0,"jetpack_featured_media_url":"https:\/\/eldiariodesanpedro.com.ar\/sitio\/wp-content\/uploads\/2018\/08\/Super-mi\u00e9rcoles-de-descuentos.jpg","jetpack_shortlink":"https:\/\/wp.me\/p6RhLt-9XX","jetpack_sharing_enabled":true,"_links":{"self":[{"href":"https:\/\/eldiariodesanpedro.com.ar\/sitio\/wp-json\/wp\/v2\/posts\/38313","targetHints":{"allow":["GET"]}}],"collection":[{"href":"https:\/\/eldiariodesanpedro.com.ar\/sitio\/wp-json\/wp\/v2\/posts"}],"about":[{"href":"https:\/\/eldiariodesanpedro.com.ar\/sitio\/wp-json\/wp\/v2\/types\/post"}],"author":[{"embeddable":true,"href":"https:\/\/eldiariodesanpedro.com.ar\/sitio\/wp-json\/wp\/v2\/users\/4"}],"replies":[{"embeddable":true,"href":"https:\/\/eldiariodesanpedro.com.ar\/sitio\/wp-json\/wp\/v2\/comments?post=38313"}],"version-history":[{"count":1,"href":"https:\/\/eldiariodesanpedro.com.ar\/sitio\/wp-json\/wp\/v2\/posts\/38313\/revisions"}],"predecessor-version":[{"id":38318,"href":"https:\/\/eldiariodesanpedro.com.ar\/sitio\/wp-json\/wp\/v2\/posts\/38313\/revisions\/38318"}],"wp:featuredmedia":[{"embeddable":true,"href":"https:\/\/eldiariodesanpedro.com.ar\/sitio\/wp-json\/wp\/v2\/media\/38316"}],"wp:attachment":[{"href":"https:\/\/eldiariodesanpedro.com.ar\/sitio\/wp-json\/wp\/v2\/media?parent=38313"}],"wp:term":[{"taxonomy":"category","embeddable":true,"href":"https:\/\/eldiariodesanpedro.com.ar\/sitio\/wp-json\/wp\/v2\/categories?post=38313"},{"taxonomy":"post_tag","embeddable":true,"href":"https:\/\/eldiariodesanpedro.com.ar\/sitio\/wp-json\/wp\/v2\/tags?post=38313"}],"curies":[{"name":"wp","href":"https:\/\/api.w.org\/{rel}","templated":true}]}}