{"id":38309,"date":"2018-08-13T21:06:24","date_gmt":"2018-08-14T00:06:24","guid":{"rendered":"https:\/\/eldiariodesanpedro.com.ar\/sitio\/?p=38309"},"modified":"2018-08-13T21:06:24","modified_gmt":"2018-08-14T00:06:24","slug":"campana-el-intendente-sebastian-abella-confirmo-a-los-vecinos-la-puesta-en-marcha-del-same","status":"publish","type":"post","link":"https:\/\/eldiariodesanpedro.com.ar\/sitio\/campana-el-intendente-sebastian-abella-confirmo-a-los-vecinos-la-puesta-en-marcha-del-same\/","title":{"rendered":"CAMPANA: El Intendente, Sebasti\u00e1n Abella, confirm\u00f3 a los vecinos la puesta en marcha del SAME"},"content":{"rendered":"<p><!-- VideographyWP Plugin Message: Automatic video embedding prevented by plugin options. --><br \/>\nEl Intendente y su equipo recorrieron el barrio Banco Provincia y alrededores brindando informaci\u00f3n sobre el servicio de emergencias que lleg\u00f3 a la ciudad con el fin de asistir a los campanenses ante una emergencia.<\/p>\n<p>  El intendente Sebasti\u00e1n Abella encabez\u00f3 hoy un nuevo timbreo en la zona del barrio Banco Provincia para contarle a los vecinos acerca de la inminente puesta en marcha del Sistema de Atenci\u00f3n M\u00e9dica de Emergencias (SAME) en Campana.<\/p>\n<p>  Al igual que el presidente Mauricio Macri y la gobernadora Mar\u00eda Eugenia Vidal en Luj\u00e1n, el jefe comunal recorri\u00f3 la ciudad junto a la jefa de Gabinete, Mariela Schvartz, concejales de Cambiemos; secretarios y funcionarios municipales; y voluntarios, escuchando y tomando nota sobre los reclamos y sugerencias de los vecinos.<br \/>\n  En cada visita, los timbreadores entregaron informaci\u00f3n \u00fatil sobre el servicio de emergencias que lleg\u00f3 a la ciudad con el prop\u00f3sito de asistir a los campanenses ante una emergencia.<\/p>\n<p>  Tambi\u00e9n adelantaron que en los pr\u00f3ximos d\u00edas, desde la aplicaci\u00f3n Alerta Campana, se tendr\u00e1 la opci\u00f3n de dar aviso al SAME ante cualquier situaci\u00f3n de urgencia o emergencia.<\/p>\n<p>  \u201cHoy salimos una vez m\u00e1s a dialogar con los vecinos porque estamos convencidos que tenemos que seguir estando cerca de ellos, d\u00eda a d\u00eda, para escucharlos y contarles cada acci\u00f3n que encaramos desde el Municipio\u201d, enfatiz\u00f3 Abella una vez finalizado el timbreo.<\/p>\n<p>Fuente: Enlace Cr\u00edtico<\/p>\n","protected":false},"excerpt":{"rendered":"<p>El Intendente y su equipo recorrieron el barrio Banco Provincia y alrededores brindando informaci\u00f3n sobre el servicio de emergencias que lleg\u00f3 a la ciudad con el fin de asistir a los campanenses ante una emergencia. El intendente Sebasti\u00e1n Abella encabez\u00f3 hoy un nuevo timbreo en la zona del barrio Banco Provincia para contarle a los [&hellip;]<\/p>\n","protected":false},"author":4,"featured_media":38312,"comment_status":"open","ping_status":"closed","sticky":false,"template":"","format":"standard","meta":{"om_disable_all_campaigns":false,"_jetpack_memberships_contains_paid_content":false,"footnotes":""},"categories":[621],"tags":[],"class_list":["post-38309","post","type-post","status-publish","format-standard","has-post-thumbnail","hentry","category-regionales"],"aioseo_notices":[],"gutentor_comment":0,"jetpack_featured_media_url":"https:\/\/eldiariodesanpedro.com.ar\/sitio\/wp-content\/uploads\/2018\/08\/Las-tres-ambulancias-del-SAMe-ya-est\u00e1n-en-Campana.jpg","jetpack_shortlink":"https:\/\/wp.me\/p6RhLt-9XT","jetpack_sharing_enabled":true,"_links":{"self":[{"href":"https:\/\/eldiariodesanpedro.com.ar\/sitio\/wp-json\/wp\/v2\/posts\/38309","targetHints":{"allow":["GET"]}}],"collection":[{"href":"https:\/\/eldiariodesanpedro.com.ar\/sitio\/wp-json\/wp\/v2\/posts"}],"about":[{"href":"https:\/\/eldiariodesanpedro.com.ar\/sitio\/wp-json\/wp\/v2\/types\/post"}],"author":[{"embeddable":true,"href":"https:\/\/eldiariodesanpedro.com.ar\/sitio\/wp-json\/wp\/v2\/users\/4"}],"replies":[{"embeddable":true,"href":"https:\/\/eldiariodesanpedro.com.ar\/sitio\/wp-json\/wp\/v2\/comments?post=38309"}],"version-history":[{"count":1,"href":"https:\/\/eldiariodesanpedro.com.ar\/sitio\/wp-json\/wp\/v2\/posts\/38309\/revisions"}],"predecessor-version":[{"id":38314,"href":"https:\/\/eldiariodesanpedro.com.ar\/sitio\/wp-json\/wp\/v2\/posts\/38309\/revisions\/38314"}],"wp:featuredmedia":[{"embeddable":true,"href":"https:\/\/eldiariodesanpedro.com.ar\/sitio\/wp-json\/wp\/v2\/media\/38312"}],"wp:attachment":[{"href":"https:\/\/eldiariodesanpedro.com.ar\/sitio\/wp-json\/wp\/v2\/media?parent=38309"}],"wp:term":[{"taxonomy":"category","embeddable":true,"href":"https:\/\/eldiariodesanpedro.com.ar\/sitio\/wp-json\/wp\/v2\/categories?post=38309"},{"taxonomy":"post_tag","embeddable":true,"href":"https:\/\/eldiariodesanpedro.com.ar\/sitio\/wp-json\/wp\/v2\/tags?post=38309"}],"curies":[{"name":"wp","href":"https:\/\/api.w.org\/{rel}","templated":true}]}}