{"id":38306,"date":"2018-08-13T21:00:55","date_gmt":"2018-08-14T00:00:55","guid":{"rendered":"https:\/\/eldiariodesanpedro.com.ar\/sitio\/?p=38306"},"modified":"2018-08-13T21:00:55","modified_gmt":"2018-08-14T00:00:55","slug":"campana-descubren-un-bunker-e-incautan-cocaina-y-marihuana","status":"publish","type":"post","link":"https:\/\/eldiariodesanpedro.com.ar\/sitio\/campana-descubren-un-bunker-e-incautan-cocaina-y-marihuana\/","title":{"rendered":"CAMPANA: Descubren un bunker e incautan coca\u00edna y marihuana"},"content":{"rendered":"<p><!-- VideographyWP Plugin Message: Automatic video embedding prevented by plugin options. --><br \/>\nEfectivos de la Direcci\u00f3n Departamental de Investigaciones (DDI) Z\u00e1rate \u2013 Campana en conjunto con personal de Comisar\u00eda, Narcocriminalidad y del Centro de Monitoreo, realizaron un amplio operativo en La Josefa, San Felipe y barrio Lubo.<\/p>\n<p>  A partir de informaci\u00f3n recibida por el CI.MO.PU., donde se puntualizaban diferentes lugares de consumo y maniobras compatibles con la comercializaci\u00f3n de estupefacientes.<\/p>\n<p>  Con la intervenci\u00f3n de la Fiscal\u00eda Tem\u00e1tica \u00c1rea Ley 23.737, se libraron varias \u00f3rdenes de allanamientos que dieron como resultado el descubrimiento de un bunker dedicado a la venta de drogas en el asentamiento Las Tablitas, detr\u00e1s de barrio Lubo.<\/p>\n<p>  Un sujeto fue detenido y se incautaron varias dosis coca\u00edna, dinero en efectivo y armas de fuego; el imputado fue alojado en la Unidad 21 del Servicio Penitenciario Bonaerense.<\/p>\n","protected":false},"excerpt":{"rendered":"<p>Efectivos de la Direcci\u00f3n Departamental de Investigaciones (DDI) Z\u00e1rate \u2013 Campana en conjunto con personal de Comisar\u00eda, Narcocriminalidad y del Centro de Monitoreo, realizaron un amplio operativo en La Josefa, San Felipe y barrio Lubo. A partir de informaci\u00f3n recibida por el CI.MO.PU., donde se puntualizaban diferentes lugares de consumo y maniobras compatibles con la [&hellip;]<\/p>\n","protected":false},"author":4,"featured_media":38308,"comment_status":"open","ping_status":"closed","sticky":false,"template":"","format":"standard","meta":{"om_disable_all_campaigns":false,"_jetpack_memberships_contains_paid_content":false,"footnotes":""},"categories":[621],"tags":[],"class_list":["post-38306","post","type-post","status-publish","format-standard","has-post-thumbnail","hentry","category-regionales"],"aioseo_notices":[],"gutentor_comment":0,"jetpack_featured_media_url":"https:\/\/eldiariodesanpedro.com.ar\/sitio\/wp-content\/uploads\/2018\/08\/Elementos-incautados.jpg","jetpack_shortlink":"https:\/\/wp.me\/p6RhLt-9XQ","jetpack_sharing_enabled":true,"_links":{"self":[{"href":"https:\/\/eldiariodesanpedro.com.ar\/sitio\/wp-json\/wp\/v2\/posts\/38306","targetHints":{"allow":["GET"]}}],"collection":[{"href":"https:\/\/eldiariodesanpedro.com.ar\/sitio\/wp-json\/wp\/v2\/posts"}],"about":[{"href":"https:\/\/eldiariodesanpedro.com.ar\/sitio\/wp-json\/wp\/v2\/types\/post"}],"author":[{"embeddable":true,"href":"https:\/\/eldiariodesanpedro.com.ar\/sitio\/wp-json\/wp\/v2\/users\/4"}],"replies":[{"embeddable":true,"href":"https:\/\/eldiariodesanpedro.com.ar\/sitio\/wp-json\/wp\/v2\/comments?post=38306"}],"version-history":[{"count":1,"href":"https:\/\/eldiariodesanpedro.com.ar\/sitio\/wp-json\/wp\/v2\/posts\/38306\/revisions"}],"predecessor-version":[{"id":38311,"href":"https:\/\/eldiariodesanpedro.com.ar\/sitio\/wp-json\/wp\/v2\/posts\/38306\/revisions\/38311"}],"wp:featuredmedia":[{"embeddable":true,"href":"https:\/\/eldiariodesanpedro.com.ar\/sitio\/wp-json\/wp\/v2\/media\/38308"}],"wp:attachment":[{"href":"https:\/\/eldiariodesanpedro.com.ar\/sitio\/wp-json\/wp\/v2\/media?parent=38306"}],"wp:term":[{"taxonomy":"category","embeddable":true,"href":"https:\/\/eldiariodesanpedro.com.ar\/sitio\/wp-json\/wp\/v2\/categories?post=38306"},{"taxonomy":"post_tag","embeddable":true,"href":"https:\/\/eldiariodesanpedro.com.ar\/sitio\/wp-json\/wp\/v2\/tags?post=38306"}],"curies":[{"name":"wp","href":"https:\/\/api.w.org\/{rel}","templated":true}]}}