{"id":38305,"date":"2018-08-13T21:00:30","date_gmt":"2018-08-14T00:00:30","guid":{"rendered":"https:\/\/eldiariodesanpedro.com.ar\/sitio\/?p=38305"},"modified":"2018-08-13T21:00:30","modified_gmt":"2018-08-14T00:00:30","slug":"perez-millan-festejo-su-110o-aniversario-con-una-variada-agenda-de-actividades","status":"publish","type":"post","link":"https:\/\/eldiariodesanpedro.com.ar\/sitio\/perez-millan-festejo-su-110o-aniversario-con-una-variada-agenda-de-actividades\/","title":{"rendered":"PEREZ MILL\u00c1N: Festej\u00f3 su 110\u00ba aniversario con una variada agenda de actividades"},"content":{"rendered":"<p><!-- VideographyWP Plugin Message: Automatic video embedding prevented by plugin options. --><br \/>\nLa Municipalidad de Ramallo organiz\u00f3 los festejos del 110\u00ba aniversario de esta pujante localidad. Hubo espect\u00e1culos musicales, propuestas para chicos y  ferias gastron\u00f3micas y de emprendedores.<\/p>\n<p>  La jornada de festejos comenz\u00f3 con el tradicional izamiento de bandera, la entonaci\u00f3n del Himno Nacional Argentino, la participaci\u00f3n de la Banda Infanto Juvenil, y una breve introducci\u00f3n sobre la historia de la localidad. Habl\u00f3 el Delegado Federico Floco.<\/p>\n<p>  Luego se le dio paso al desfile c\u00edvico, militar y tradicionalista.<\/p>\n<p>  Una multitud disfrut\u00f3 de shows musicales, la exposici\u00f3n del Centro de Integraci\u00f3n Municipal (CIM) de P\u00e9rez Mill\u00e1n; feria de artesanos y de distintos puestos gastron\u00f3micos.   Hubo espect\u00e1culos para chicos como \u201cCanciones de la Granja\u201d, artistas locales y el cierre del evento qued\u00f3 en manos de la banda \u00abEnero\u00bb. Felicidades P\u00e9rez Mill\u00e1n.<\/p>\n","protected":false},"excerpt":{"rendered":"<p>La Municipalidad de Ramallo organiz\u00f3 los festejos del 110\u00ba aniversario de esta pujante localidad. Hubo espect\u00e1culos musicales, propuestas para chicos y ferias gastron\u00f3micas y de emprendedores. La jornada de festejos comenz\u00f3 con el tradicional izamiento de bandera, la entonaci\u00f3n del Himno Nacional Argentino, la participaci\u00f3n de la Banda Infanto Juvenil, y una breve introducci\u00f3n sobre [&hellip;]<\/p>\n","protected":false},"author":4,"featured_media":38307,"comment_status":"open","ping_status":"closed","sticky":false,"template":"","format":"standard","meta":{"om_disable_all_campaigns":false,"_jetpack_memberships_contains_paid_content":false,"footnotes":""},"categories":[621],"tags":[],"class_list":["post-38305","post","type-post","status-publish","format-standard","has-post-thumbnail","hentry","category-regionales"],"aioseo_notices":[],"gutentor_comment":0,"jetpack_featured_media_url":"https:\/\/eldiariodesanpedro.com.ar\/sitio\/wp-content\/uploads\/2018\/08\/perez-millan-festejo-110-aniversario.jpeg","jetpack_shortlink":"https:\/\/wp.me\/p6RhLt-9XP","jetpack_sharing_enabled":true,"_links":{"self":[{"href":"https:\/\/eldiariodesanpedro.com.ar\/sitio\/wp-json\/wp\/v2\/posts\/38305","targetHints":{"allow":["GET"]}}],"collection":[{"href":"https:\/\/eldiariodesanpedro.com.ar\/sitio\/wp-json\/wp\/v2\/posts"}],"about":[{"href":"https:\/\/eldiariodesanpedro.com.ar\/sitio\/wp-json\/wp\/v2\/types\/post"}],"author":[{"embeddable":true,"href":"https:\/\/eldiariodesanpedro.com.ar\/sitio\/wp-json\/wp\/v2\/users\/4"}],"replies":[{"embeddable":true,"href":"https:\/\/eldiariodesanpedro.com.ar\/sitio\/wp-json\/wp\/v2\/comments?post=38305"}],"version-history":[{"count":1,"href":"https:\/\/eldiariodesanpedro.com.ar\/sitio\/wp-json\/wp\/v2\/posts\/38305\/revisions"}],"predecessor-version":[{"id":38310,"href":"https:\/\/eldiariodesanpedro.com.ar\/sitio\/wp-json\/wp\/v2\/posts\/38305\/revisions\/38310"}],"wp:featuredmedia":[{"embeddable":true,"href":"https:\/\/eldiariodesanpedro.com.ar\/sitio\/wp-json\/wp\/v2\/media\/38307"}],"wp:attachment":[{"href":"https:\/\/eldiariodesanpedro.com.ar\/sitio\/wp-json\/wp\/v2\/media?parent=38305"}],"wp:term":[{"taxonomy":"category","embeddable":true,"href":"https:\/\/eldiariodesanpedro.com.ar\/sitio\/wp-json\/wp\/v2\/categories?post=38305"},{"taxonomy":"post_tag","embeddable":true,"href":"https:\/\/eldiariodesanpedro.com.ar\/sitio\/wp-json\/wp\/v2\/tags?post=38305"}],"curies":[{"name":"wp","href":"https:\/\/api.w.org\/{rel}","templated":true}]}}