{"id":38299,"date":"2018-08-13T20:52:45","date_gmt":"2018-08-13T23:52:45","guid":{"rendered":"https:\/\/eldiariodesanpedro.com.ar\/sitio\/?p=38299"},"modified":"2018-08-13T20:52:45","modified_gmt":"2018-08-13T23:52:45","slug":"sin-rastros-de-los-asaltantes-de-la-familia-peters","status":"publish","type":"post","link":"https:\/\/eldiariodesanpedro.com.ar\/sitio\/sin-rastros-de-los-asaltantes-de-la-familia-peters\/","title":{"rendered":"Sin rastros de los asaltantes de la familia Peters"},"content":{"rendered":"<p><!-- VideographyWP Plugin Message: Automatic video embedding prevented by plugin options. --><br \/>\nUna banda de encapuchados asalt\u00f3 a la tradicional familia de Pueblo Doyle. Los golpearon y robaron. Se fueron en el auto de las v\u00edctimas y hasta les mataron los perros.<\/p>\n<p>  A pesar de la investigaci\u00f3n no hay rastros de los asaltantes de la familia Peters en Pueblo Doyle.<br \/>\n  El il\u00edcito se perpetr\u00f3 en la madrugada del mi\u00e9rcoles, alrededor de las 03.30 hs en la casa de familia, cuando le matrimonio de 55 y 56 a\u00f1os se encontraba durmiendo.<br \/>\n  Tres encapuchados fuertemente armados sorprendieron a los due\u00f1os de casa quienes adem\u00e1s de ser amenazados fueron golpeados y maniatados. Los ladrones se llevaron dinero, electrodom\u00e9sticos, un TV, una computadora y huyeron en el auto VW Suran blanco de la familia. Adem\u00e1s, mataron a los perros.<br \/>\n  Los delincuentes huyeron del lugar sin dejar demasiadas se\u00f1ales. <\/p>\n<p>Fuente y Gentileza: San Pedro Informa<\/p>\n","protected":false},"excerpt":{"rendered":"<p>Una banda de encapuchados asalt\u00f3 a la tradicional familia de Pueblo Doyle. Los golpearon y robaron. Se fueron en el auto de las v\u00edctimas y hasta les mataron los perros. A pesar de la investigaci\u00f3n no hay rastros de los asaltantes de la familia Peters en Pueblo Doyle. El il\u00edcito se perpetr\u00f3 en la madrugada [&hellip;]<\/p>\n","protected":false},"author":4,"featured_media":38302,"comment_status":"open","ping_status":"closed","sticky":false,"template":"","format":"standard","meta":{"om_disable_all_campaigns":false,"_jetpack_memberships_contains_paid_content":false,"footnotes":""},"categories":[2,103],"tags":[],"class_list":["post-38299","post","type-post","status-publish","format-standard","has-post-thumbnail","hentry","category-locales","category-policiales-locales"],"aioseo_notices":[],"gutentor_comment":0,"jetpack_featured_media_url":"https:\/\/eldiariodesanpedro.com.ar\/sitio\/wp-content\/uploads\/2018\/08\/doyle.jpg","jetpack_shortlink":"https:\/\/wp.me\/p6RhLt-9XJ","jetpack_sharing_enabled":true,"_links":{"self":[{"href":"https:\/\/eldiariodesanpedro.com.ar\/sitio\/wp-json\/wp\/v2\/posts\/38299","targetHints":{"allow":["GET"]}}],"collection":[{"href":"https:\/\/eldiariodesanpedro.com.ar\/sitio\/wp-json\/wp\/v2\/posts"}],"about":[{"href":"https:\/\/eldiariodesanpedro.com.ar\/sitio\/wp-json\/wp\/v2\/types\/post"}],"author":[{"embeddable":true,"href":"https:\/\/eldiariodesanpedro.com.ar\/sitio\/wp-json\/wp\/v2\/users\/4"}],"replies":[{"embeddable":true,"href":"https:\/\/eldiariodesanpedro.com.ar\/sitio\/wp-json\/wp\/v2\/comments?post=38299"}],"version-history":[{"count":1,"href":"https:\/\/eldiariodesanpedro.com.ar\/sitio\/wp-json\/wp\/v2\/posts\/38299\/revisions"}],"predecessor-version":[{"id":38303,"href":"https:\/\/eldiariodesanpedro.com.ar\/sitio\/wp-json\/wp\/v2\/posts\/38299\/revisions\/38303"}],"wp:featuredmedia":[{"embeddable":true,"href":"https:\/\/eldiariodesanpedro.com.ar\/sitio\/wp-json\/wp\/v2\/media\/38302"}],"wp:attachment":[{"href":"https:\/\/eldiariodesanpedro.com.ar\/sitio\/wp-json\/wp\/v2\/media?parent=38299"}],"wp:term":[{"taxonomy":"category","embeddable":true,"href":"https:\/\/eldiariodesanpedro.com.ar\/sitio\/wp-json\/wp\/v2\/categories?post=38299"},{"taxonomy":"post_tag","embeddable":true,"href":"https:\/\/eldiariodesanpedro.com.ar\/sitio\/wp-json\/wp\/v2\/tags?post=38299"}],"curies":[{"name":"wp","href":"https:\/\/api.w.org\/{rel}","templated":true}]}}