{"id":38295,"date":"2018-08-13T20:49:31","date_gmt":"2018-08-13T23:49:31","guid":{"rendered":"https:\/\/eldiariodesanpedro.com.ar\/sitio\/?p=38295"},"modified":"2018-08-13T20:49:31","modified_gmt":"2018-08-13T23:49:31","slug":"san-pedro-ya-no-cuenta-con-su-rotary-club","status":"publish","type":"post","link":"https:\/\/eldiariodesanpedro.com.ar\/sitio\/san-pedro-ya-no-cuenta-con-su-rotary-club\/","title":{"rendered":"San Pedro ya no cuenta con su Rotary Club"},"content":{"rendered":"<p><!-- VideographyWP Plugin Message: Automatic video embedding prevented by plugin options. --><br \/>\nLa entidad que cumpli\u00f3 un rol preponderante en gran parte de la historia de la ciudad ya no tiene comisi\u00f3n directiva y fue dada de baja.<\/p>\n<p>  Con el paso de los a\u00f1os el Rotary Club San Pedro tuvo una participaci\u00f3n constante en la comunidad siendo testigo de los acontecimientos m\u00e1s importantes de la ciudad, hasta tener intervenci\u00f3n, por ejemplo, en la fundaci\u00f3n del cuerpo de Bomberos Voluntarios, entre otras tantas cosas.<\/p>\n<p>  En los \u00faltimos a\u00f1os, la falta de participaci\u00f3n y ausencia del recambio dirigencial que toda entidad necesita para su funcionamiento diario fue desvaneciendo las ilusiones de los pocos que quedaban hasta quedar definitivamente afuera del Rotary Club Internacional.<\/p>\n<p>  Rotary International es una organizaci\u00f3n internacional y club de servicio cuyo prop\u00f3sito es reunir a l\u00edderes empresariales y profesionales universitarios y no universitarios, con el fin de prestar servicios humanitarios en sus comunidades, promover elevadas normas de \u00e9tica en todas las ocupaciones y contribuir a fomentar la buena voluntad y la paz en el mundo.<\/p>\n<p>Fuente y Gentileza: San Pedro Informa<\/p>\n","protected":false},"excerpt":{"rendered":"<p>La entidad que cumpli\u00f3 un rol preponderante en gran parte de la historia de la ciudad ya no tiene comisi\u00f3n directiva y fue dada de baja. Con el paso de los a\u00f1os el Rotary Club San Pedro tuvo una participaci\u00f3n constante en la comunidad siendo testigo de los acontecimientos m\u00e1s importantes de la ciudad, hasta [&hellip;]<\/p>\n","protected":false},"author":4,"featured_media":38296,"comment_status":"open","ping_status":"closed","sticky":false,"template":"","format":"standard","meta":{"om_disable_all_campaigns":false,"_jetpack_memberships_contains_paid_content":false,"footnotes":""},"categories":[101,2],"tags":[],"class_list":["post-38295","post","type-post","status-publish","format-standard","has-post-thumbnail","hentry","category-interes-general-locales","category-locales"],"aioseo_notices":[],"gutentor_comment":0,"jetpack_featured_media_url":"https:\/\/eldiariodesanpedro.com.ar\/sitio\/wp-content\/uploads\/2018\/08\/Rotary-Club-San-Pedro-.jpg","jetpack_shortlink":"https:\/\/wp.me\/p6RhLt-9XF","jetpack_sharing_enabled":true,"_links":{"self":[{"href":"https:\/\/eldiariodesanpedro.com.ar\/sitio\/wp-json\/wp\/v2\/posts\/38295","targetHints":{"allow":["GET"]}}],"collection":[{"href":"https:\/\/eldiariodesanpedro.com.ar\/sitio\/wp-json\/wp\/v2\/posts"}],"about":[{"href":"https:\/\/eldiariodesanpedro.com.ar\/sitio\/wp-json\/wp\/v2\/types\/post"}],"author":[{"embeddable":true,"href":"https:\/\/eldiariodesanpedro.com.ar\/sitio\/wp-json\/wp\/v2\/users\/4"}],"replies":[{"embeddable":true,"href":"https:\/\/eldiariodesanpedro.com.ar\/sitio\/wp-json\/wp\/v2\/comments?post=38295"}],"version-history":[{"count":2,"href":"https:\/\/eldiariodesanpedro.com.ar\/sitio\/wp-json\/wp\/v2\/posts\/38295\/revisions"}],"predecessor-version":[{"id":38300,"href":"https:\/\/eldiariodesanpedro.com.ar\/sitio\/wp-json\/wp\/v2\/posts\/38295\/revisions\/38300"}],"wp:featuredmedia":[{"embeddable":true,"href":"https:\/\/eldiariodesanpedro.com.ar\/sitio\/wp-json\/wp\/v2\/media\/38296"}],"wp:attachment":[{"href":"https:\/\/eldiariodesanpedro.com.ar\/sitio\/wp-json\/wp\/v2\/media?parent=38295"}],"wp:term":[{"taxonomy":"category","embeddable":true,"href":"https:\/\/eldiariodesanpedro.com.ar\/sitio\/wp-json\/wp\/v2\/categories?post=38295"},{"taxonomy":"post_tag","embeddable":true,"href":"https:\/\/eldiariodesanpedro.com.ar\/sitio\/wp-json\/wp\/v2\/tags?post=38295"}],"curies":[{"name":"wp","href":"https:\/\/api.w.org\/{rel}","templated":true}]}}