{"id":38284,"date":"2018-08-13T20:29:05","date_gmt":"2018-08-13T23:29:05","guid":{"rendered":"https:\/\/eldiariodesanpedro.com.ar\/sitio\/?p=38284"},"modified":"2018-08-13T20:51:25","modified_gmt":"2018-08-13T23:51:25","slug":"cadena-de-oracion-para-florencia-para-que-reciba-su-trasplante-pulmonar-con-urgencia","status":"publish","type":"post","link":"https:\/\/eldiariodesanpedro.com.ar\/sitio\/cadena-de-oracion-para-florencia-para-que-reciba-su-trasplante-pulmonar-con-urgencia\/","title":{"rendered":"Cadena de oraci\u00f3n para Florencia para que reciba su trasplante pulmonar con urgencia"},"content":{"rendered":"<p><!-- VideographyWP Plugin Message: Automatic video embedding prevented by plugin options. --><br \/>\nFlorencia Sol Asuaga tiene 15 a\u00f1os y est\u00e1 luchando por su vida desde sus 10 d\u00edas de nacida. Est\u00e1 esperando un trasplante bipulmonar en el hospital italiano y la joven ingres\u00f3 a lista de emergencia nacional para recibir la donaci\u00f3n cuando est\u00e9 disponible un \u00f3rgano compatible.<\/p>\n<p>La sampedrina, desde bebe se encuentra luchando contra una enfermedad llamada Hipertensi\u00f3n Pulmonar Severa, que cambi\u00f3 su vida para siempre, la de ella y su familia; hoy con 15 a\u00f1os, nada la detiene, sigue con su lucha en busca de un trasplante bipulmonar junto a su mam\u00e1 y su hermano que la acompa\u00f1a en todo momento.<\/p>\n<p>Dialogamos con su hermano Christian nos cometo: \u00abEn los \u00faltimos d\u00edas el estado de salud de la joven seg\u00fan los m\u00e9dicos se viene deteriorando hasta el punto que en los \u00faltimos d\u00edas de esta semana se vino descompensado en varias oportunidades ya que le faltaba el aire\u00bb.<\/p>\n<p>Los doctores del nosocomio se encuentran realizando todo lo posible para que Sol se mantenga estable pero a trav\u00e9s de este medio se solicita a la sociedad en realizar una cadena de oraci\u00f3n para que la joven reciba su tan necesario trasplante.<\/p>\n<p>Momento que su hermano se hace pasar por doctor.<\/p>\n<p><iframe data-src=\"https:\/\/www.facebook.com\/plugins\/video.php?href=https%3A%2F%2Fwww.facebook.com%2FColoCarp022%2Fvideos%2F10217364445129470%2F&#038;show_text=0&#038;width=380\" width=\"380\" height=\"476\" style=\"border:none;overflow:hidden\" scrolling=\"no\" frameborder=\"0\" allowTransparency=\"true\" allowFullScreen=\"true\" src=\"data:image\/svg+xml;base64,PHN2ZyB3aWR0aD0iMSIgaGVpZ2h0PSIxIiB4bWxucz0iaHR0cDovL3d3dy53My5vcmcvMjAwMC9zdmciPjwvc3ZnPg==\" class=\"lazyload\" data-load-mode=\"1\"><\/iframe><\/p>\n","protected":false},"excerpt":{"rendered":"<p>Florencia Sol Asuaga tiene 15 a\u00f1os y est\u00e1 luchando por su vida desde sus 10 d\u00edas de nacida. Est\u00e1 esperando un trasplante bipulmonar en el hospital italiano y la joven ingres\u00f3 a lista de emergencia nacional para recibir la donaci\u00f3n cuando est\u00e9 disponible un \u00f3rgano compatible. La sampedrina, desde bebe se encuentra luchando contra una [&hellip;]<\/p>\n","protected":false},"author":4,"featured_media":38290,"comment_status":"open","ping_status":"closed","sticky":false,"template":"","format":"standard","meta":{"om_disable_all_campaigns":false,"_jetpack_memberships_contains_paid_content":false,"footnotes":""},"categories":[50,101,2],"tags":[],"class_list":["post-38284","post","type-post","status-publish","format-standard","has-post-thumbnail","hentry","category-destacadas","category-interes-general-locales","category-locales"],"aioseo_notices":[],"gutentor_comment":0,"jetpack_featured_media_url":"https:\/\/eldiariodesanpedro.com.ar\/sitio\/wp-content\/uploads\/2018\/08\/38894704_10217347811753646_4506471414303293440_n.jpg","jetpack_shortlink":"https:\/\/wp.me\/p6RhLt-9Xu","jetpack_sharing_enabled":true,"_links":{"self":[{"href":"https:\/\/eldiariodesanpedro.com.ar\/sitio\/wp-json\/wp\/v2\/posts\/38284","targetHints":{"allow":["GET"]}}],"collection":[{"href":"https:\/\/eldiariodesanpedro.com.ar\/sitio\/wp-json\/wp\/v2\/posts"}],"about":[{"href":"https:\/\/eldiariodesanpedro.com.ar\/sitio\/wp-json\/wp\/v2\/types\/post"}],"author":[{"embeddable":true,"href":"https:\/\/eldiariodesanpedro.com.ar\/sitio\/wp-json\/wp\/v2\/users\/4"}],"replies":[{"embeddable":true,"href":"https:\/\/eldiariodesanpedro.com.ar\/sitio\/wp-json\/wp\/v2\/comments?post=38284"}],"version-history":[{"count":4,"href":"https:\/\/eldiariodesanpedro.com.ar\/sitio\/wp-json\/wp\/v2\/posts\/38284\/revisions"}],"predecessor-version":[{"id":38301,"href":"https:\/\/eldiariodesanpedro.com.ar\/sitio\/wp-json\/wp\/v2\/posts\/38284\/revisions\/38301"}],"wp:featuredmedia":[{"embeddable":true,"href":"https:\/\/eldiariodesanpedro.com.ar\/sitio\/wp-json\/wp\/v2\/media\/38290"}],"wp:attachment":[{"href":"https:\/\/eldiariodesanpedro.com.ar\/sitio\/wp-json\/wp\/v2\/media?parent=38284"}],"wp:term":[{"taxonomy":"category","embeddable":true,"href":"https:\/\/eldiariodesanpedro.com.ar\/sitio\/wp-json\/wp\/v2\/categories?post=38284"},{"taxonomy":"post_tag","embeddable":true,"href":"https:\/\/eldiariodesanpedro.com.ar\/sitio\/wp-json\/wp\/v2\/tags?post=38284"}],"curies":[{"name":"wp","href":"https:\/\/api.w.org\/{rel}","templated":true}]}}