{"id":38278,"date":"2018-08-13T17:28:49","date_gmt":"2018-08-13T20:28:49","guid":{"rendered":"https:\/\/eldiariodesanpedro.com.ar\/sitio\/?p=38278"},"modified":"2018-08-13T18:00:46","modified_gmt":"2018-08-13T21:00:46","slug":"dos-dias-seguidos-me-reventaron-la-puerta-y-me-llevaron-todo-de-mi-casa","status":"publish","type":"post","link":"https:\/\/eldiariodesanpedro.com.ar\/sitio\/dos-dias-seguidos-me-reventaron-la-puerta-y-me-llevaron-todo-de-mi-casa\/","title":{"rendered":"\u00abDos d\u00edas seguidos me reventaron la puerta y me llevaron todo de mi casa\u00bb"},"content":{"rendered":"<p><!-- VideographyWP Plugin Message: Automatic video embedding prevented by plugin options. --><br \/>\nEste fin de semana un joven de 30 a\u00f1os de edad, comerciante conocido de nuestra ciudad, sufri\u00f3 dos violentos robos, el s\u00e1bado y el domingo, en su vivienda ubicada en calle Humanes 1490; delincuentes le reventaron las dos veces la puerta y le sustrajeron todo lo que estuvo a su alcance.<\/p>\n<p>\u00abUna vecina me avis\u00f3 el s\u00e1bado cerca de las 9 de la noche lo que hab\u00eda pasado en mi casa, yo estaba trabajando y ella vio a un tipo parado afuera con actitud sospechosa que no paraba de mirarla\u00bb contaba Lucas la v\u00edctima a este medio.<\/p>\n<p>\u00abMe reventaron la puerta y me llevaron 3 televisores, uno 40 pulg, uno de 32 y uno de 24 todos Smart, una play tres y dos tablet; mi suegro me soldo la puerta, la reforz\u00f3 y el domingo estaba trabajando y me vuelven avisar que me reventaron la puerta nuevamente y se llevaron elementos de valor que quedaban\u00bb.<\/p>\n<p>Con mucha impotencia e indignaci\u00f3n las palabras de Lucas fueron muy tristes al contarnos que \u00abNo se puede vivir m\u00e1s as\u00ed, no sabes donde m\u00e1s meter rejas, en la nueva sucursal que abr\u00ed hace poco tambi\u00e9n me quisieron entrar dos veces, me tuve que ir de mi casa, me tienen fichado por los horarios de trabajo, anoche no pude dormir, sent\u00eda miedo pero gracias a Dios no hab\u00eda nadie adentro de la casa\u00bb.<\/p>\n","protected":false},"excerpt":{"rendered":"<p>Este fin de semana un joven de 30 a\u00f1os de edad, comerciante conocido de nuestra ciudad, sufri\u00f3 dos violentos robos, el s\u00e1bado y el domingo, en su vivienda ubicada en calle Humanes 1490; delincuentes le reventaron las dos veces la puerta y le sustrajeron todo lo que estuvo a su alcance. \u00abUna vecina me avis\u00f3 [&hellip;]<\/p>\n","protected":false},"author":4,"featured_media":38280,"comment_status":"open","ping_status":"closed","sticky":false,"template":"","format":"standard","meta":{"om_disable_all_campaigns":false,"_jetpack_memberships_contains_paid_content":false,"footnotes":""},"categories":[50,2,103],"tags":[],"class_list":["post-38278","post","type-post","status-publish","format-standard","has-post-thumbnail","hentry","category-destacadas","category-locales","category-policiales-locales"],"aioseo_notices":[],"gutentor_comment":0,"jetpack_featured_media_url":"https:\/\/eldiariodesanpedro.com.ar\/sitio\/wp-content\/uploads\/2018\/08\/IMG-20180813-WA0005.jpg","jetpack_shortlink":"https:\/\/wp.me\/p6RhLt-9Xo","jetpack_sharing_enabled":true,"_links":{"self":[{"href":"https:\/\/eldiariodesanpedro.com.ar\/sitio\/wp-json\/wp\/v2\/posts\/38278","targetHints":{"allow":["GET"]}}],"collection":[{"href":"https:\/\/eldiariodesanpedro.com.ar\/sitio\/wp-json\/wp\/v2\/posts"}],"about":[{"href":"https:\/\/eldiariodesanpedro.com.ar\/sitio\/wp-json\/wp\/v2\/types\/post"}],"author":[{"embeddable":true,"href":"https:\/\/eldiariodesanpedro.com.ar\/sitio\/wp-json\/wp\/v2\/users\/4"}],"replies":[{"embeddable":true,"href":"https:\/\/eldiariodesanpedro.com.ar\/sitio\/wp-json\/wp\/v2\/comments?post=38278"}],"version-history":[{"count":2,"href":"https:\/\/eldiariodesanpedro.com.ar\/sitio\/wp-json\/wp\/v2\/posts\/38278\/revisions"}],"predecessor-version":[{"id":38282,"href":"https:\/\/eldiariodesanpedro.com.ar\/sitio\/wp-json\/wp\/v2\/posts\/38278\/revisions\/38282"}],"wp:featuredmedia":[{"embeddable":true,"href":"https:\/\/eldiariodesanpedro.com.ar\/sitio\/wp-json\/wp\/v2\/media\/38280"}],"wp:attachment":[{"href":"https:\/\/eldiariodesanpedro.com.ar\/sitio\/wp-json\/wp\/v2\/media?parent=38278"}],"wp:term":[{"taxonomy":"category","embeddable":true,"href":"https:\/\/eldiariodesanpedro.com.ar\/sitio\/wp-json\/wp\/v2\/categories?post=38278"},{"taxonomy":"post_tag","embeddable":true,"href":"https:\/\/eldiariodesanpedro.com.ar\/sitio\/wp-json\/wp\/v2\/tags?post=38278"}],"curies":[{"name":"wp","href":"https:\/\/api.w.org\/{rel}","templated":true}]}}