{"id":38271,"date":"2018-08-13T12:11:41","date_gmt":"2018-08-13T15:11:41","guid":{"rendered":"https:\/\/eldiariodesanpedro.com.ar\/sitio\/?p=38271"},"modified":"2018-08-13T12:11:41","modified_gmt":"2018-08-13T15:11:41","slug":"un-camion-arranco-una-gran-rama-de-un-arbol","status":"publish","type":"post","link":"https:\/\/eldiariodesanpedro.com.ar\/sitio\/un-camion-arranco-una-gran-rama-de-un-arbol\/","title":{"rendered":"Un cami\u00f3n arranc\u00f3 una gran rama de un \u00e1rbol"},"content":{"rendered":"<p><!-- VideographyWP Plugin Message: Automatic video embedding prevented by plugin options. --><br \/>\nEl cami\u00f3n perteneciente a la empresa Camino Real Log\u00edstica de la provincia de Salta enganch\u00f3 una rama de uno de los \u00e1rboles palo borracho que se encuentran en el medio de la Av. 3 de Febrero entre Uruguay y Gomendio.<\/p>\n<p>Pasadas las 10 hs un cami\u00f3n marca Mercedes perteneciente a una empresa de log\u00edstica que al paracer habr\u00eda enganchado una rama del frondoso \u00e1rbol provocando que el mismo se quebrara y callera sobre un auto y una mujer que se bajaba del mismo.<\/p>\n<p>La mujer madre del Abogado Diego Solana representante de la Defensor\u00eda del Pueblo en nuestra ciudad fue trasladada por el SAME al nosocomio local como precauci\u00f3n. <\/p>\n<p>En el lugar trabajaron empleados de la municipalidad para remover la rama enganchada. <\/p>\n<p><img decoding=\"async\" data-attachment-id=\"38272\" data-permalink=\"https:\/\/eldiariodesanpedro.com.ar\/sitio\/un-camion-arranco-una-gran-rama-de-un-arbol\/20180813_102731\/\" data-orig-file=\"https:\/\/eldiariodesanpedro.com.ar\/sitio\/wp-content\/uploads\/2018\/08\/20180813_102731-e1534172999788.jpg\" data-orig-size=\"1200,583\" data-comments-opened=\"1\" data-image-meta=\"{&quot;aperture&quot;:&quot;1.7&quot;,&quot;credit&quot;:&quot;&quot;,&quot;camera&quot;:&quot;SM-N950F&quot;,&quot;caption&quot;:&quot;&quot;,&quot;created_timestamp&quot;:&quot;1534156051&quot;,&quot;copyright&quot;:&quot;&quot;,&quot;focal_length&quot;:&quot;4.3&quot;,&quot;iso&quot;:&quot;40&quot;,&quot;shutter_speed&quot;:&quot;0.00035612535612536&quot;,&quot;title&quot;:&quot;&quot;,&quot;orientation&quot;:&quot;1&quot;}\" data-image-title=\"20180813_102731\" data-image-description=\"\" data-image-caption=\"\" data-large-file=\"https:\/\/eldiariodesanpedro.com.ar\/sitio\/wp-content\/uploads\/2018\/08\/20180813_102731-1024x498.jpg\" data-src=\"https:\/\/eldiariodesanpedro.com.ar\/sitio\/wp-content\/uploads\/2018\/08\/20180813_102731-1024x498.jpg\" alt=\"\" width=\"660\" height=\"321\" class=\"alignnone size-large wp-image-38272 lazyload\" src=\"data:image\/svg+xml;base64,PHN2ZyB3aWR0aD0iMSIgaGVpZ2h0PSIxIiB4bWxucz0iaHR0cDovL3d3dy53My5vcmcvMjAwMC9zdmciPjwvc3ZnPg==\" style=\"--smush-placeholder-width: 660px; --smush-placeholder-aspect-ratio: 660\/321;\" \/><\/p>\n<p><img decoding=\"async\" data-attachment-id=\"38275\" data-permalink=\"https:\/\/eldiariodesanpedro.com.ar\/sitio\/un-camion-arranco-una-gran-rama-de-un-arbol\/20180813_102656\/\" data-orig-file=\"https:\/\/eldiariodesanpedro.com.ar\/sitio\/wp-content\/uploads\/2018\/08\/20180813_102656-e1534173064499.jpg\" data-orig-size=\"1200,583\" data-comments-opened=\"1\" data-image-meta=\"{&quot;aperture&quot;:&quot;1.7&quot;,&quot;credit&quot;:&quot;&quot;,&quot;camera&quot;:&quot;SM-N950F&quot;,&quot;caption&quot;:&quot;&quot;,&quot;created_timestamp&quot;:&quot;1534156016&quot;,&quot;copyright&quot;:&quot;&quot;,&quot;focal_length&quot;:&quot;4.3&quot;,&quot;iso&quot;:&quot;40&quot;,&quot;shutter_speed&quot;:&quot;0.00035612535612536&quot;,&quot;title&quot;:&quot;&quot;,&quot;orientation&quot;:&quot;1&quot;}\" data-image-title=\"20180813_102656\" data-image-description=\"\" data-image-caption=\"\" data-large-file=\"https:\/\/eldiariodesanpedro.com.ar\/sitio\/wp-content\/uploads\/2018\/08\/20180813_102656-1024x498.jpg\" data-src=\"https:\/\/eldiariodesanpedro.com.ar\/sitio\/wp-content\/uploads\/2018\/08\/20180813_102656-1024x498.jpg\" alt=\"\" width=\"660\" height=\"321\" class=\"alignnone size-large wp-image-38275 lazyload\" src=\"data:image\/svg+xml;base64,PHN2ZyB3aWR0aD0iMSIgaGVpZ2h0PSIxIiB4bWxucz0iaHR0cDovL3d3dy53My5vcmcvMjAwMC9zdmciPjwvc3ZnPg==\" style=\"--smush-placeholder-width: 660px; --smush-placeholder-aspect-ratio: 660\/321;\" \/><\/p>\n","protected":false},"excerpt":{"rendered":"<p>El cami\u00f3n perteneciente a la empresa Camino Real Log\u00edstica de la provincia de Salta enganch\u00f3 una rama de uno de los \u00e1rboles palo borracho que se encuentran en el medio de la Av. 3 de Febrero entre Uruguay y Gomendio. Pasadas las 10 hs un cami\u00f3n marca Mercedes perteneciente a una empresa de log\u00edstica que [&hellip;]<\/p>\n","protected":false},"author":4,"featured_media":38273,"comment_status":"open","ping_status":"closed","sticky":false,"template":"","format":"standard","meta":{"om_disable_all_campaigns":false,"_jetpack_memberships_contains_paid_content":false,"footnotes":""},"categories":[101,2],"tags":[],"class_list":["post-38271","post","type-post","status-publish","format-standard","has-post-thumbnail","hentry","category-interes-general-locales","category-locales"],"aioseo_notices":[],"gutentor_comment":0,"jetpack_featured_media_url":"https:\/\/eldiariodesanpedro.com.ar\/sitio\/wp-content\/uploads\/2018\/08\/20180813_102750-e1534172739837.jpg","jetpack_shortlink":"https:\/\/wp.me\/p6RhLt-9Xh","jetpack_sharing_enabled":true,"_links":{"self":[{"href":"https:\/\/eldiariodesanpedro.com.ar\/sitio\/wp-json\/wp\/v2\/posts\/38271","targetHints":{"allow":["GET"]}}],"collection":[{"href":"https:\/\/eldiariodesanpedro.com.ar\/sitio\/wp-json\/wp\/v2\/posts"}],"about":[{"href":"https:\/\/eldiariodesanpedro.com.ar\/sitio\/wp-json\/wp\/v2\/types\/post"}],"author":[{"embeddable":true,"href":"https:\/\/eldiariodesanpedro.com.ar\/sitio\/wp-json\/wp\/v2\/users\/4"}],"replies":[{"embeddable":true,"href":"https:\/\/eldiariodesanpedro.com.ar\/sitio\/wp-json\/wp\/v2\/comments?post=38271"}],"version-history":[{"count":1,"href":"https:\/\/eldiariodesanpedro.com.ar\/sitio\/wp-json\/wp\/v2\/posts\/38271\/revisions"}],"predecessor-version":[{"id":38276,"href":"https:\/\/eldiariodesanpedro.com.ar\/sitio\/wp-json\/wp\/v2\/posts\/38271\/revisions\/38276"}],"wp:featuredmedia":[{"embeddable":true,"href":"https:\/\/eldiariodesanpedro.com.ar\/sitio\/wp-json\/wp\/v2\/media\/38273"}],"wp:attachment":[{"href":"https:\/\/eldiariodesanpedro.com.ar\/sitio\/wp-json\/wp\/v2\/media?parent=38271"}],"wp:term":[{"taxonomy":"category","embeddable":true,"href":"https:\/\/eldiariodesanpedro.com.ar\/sitio\/wp-json\/wp\/v2\/categories?post=38271"},{"taxonomy":"post_tag","embeddable":true,"href":"https:\/\/eldiariodesanpedro.com.ar\/sitio\/wp-json\/wp\/v2\/tags?post=38271"}],"curies":[{"name":"wp","href":"https:\/\/api.w.org\/{rel}","templated":true}]}}