{"id":38266,"date":"2018-08-13T09:45:22","date_gmt":"2018-08-13T12:45:22","guid":{"rendered":"https:\/\/eldiariodesanpedro.com.ar\/sitio\/?p=38266"},"modified":"2018-08-13T09:45:22","modified_gmt":"2018-08-13T12:45:22","slug":"un-hombre-intento-resistirse-a-la-aprehension-y-amenazo-a-los-efectivos-con-un-cuchillo","status":"publish","type":"post","link":"https:\/\/eldiariodesanpedro.com.ar\/sitio\/un-hombre-intento-resistirse-a-la-aprehension-y-amenazo-a-los-efectivos-con-un-cuchillo\/","title":{"rendered":"Un hombre intent\u00f3 resistirse a la aprehensi\u00f3n y amenazo a los efectivos con un cuchillo"},"content":{"rendered":"<p><!-- VideographyWP Plugin Message: Automatic video embedding prevented by plugin options. --><br \/>\nEn la tarde noche del domingo, personal policial proceden a la aprehensi\u00f3n de un hombre de 30 a\u00f1os de edad, secuestr\u00e1ndose en su poder un cuchillo con el cual amenazara a los efectivos resisti\u00e9ndose a la aprehensi\u00f3n. <\/p>\n<p>El agresor presenta dos pedidos de paradero, uno por el  delito de robo a disposici\u00f3n de UFI N\u00b0 2 San Nicol\u00e1s  y la restante por el delito de robo agravado en tentativa solicitado por Tribunal Criminal N\u00ba1 de San Nicol\u00e1s.<\/p>\n<p>Quedo alojado en la comisaria notific\u00e1ndolo de la nueva actuaci\u00f3n por causa de resistencia a la autoridad &#8211; pedido de paradero varios. <\/p>\n","protected":false},"excerpt":{"rendered":"<p>En la tarde noche del domingo, personal policial proceden a la aprehensi\u00f3n de un hombre de 30 a\u00f1os de edad, secuestr\u00e1ndose en su poder un cuchillo con el cual amenazara a los efectivos resisti\u00e9ndose a la aprehensi\u00f3n. El agresor presenta dos pedidos de paradero, uno por el delito de robo a disposici\u00f3n de UFI N\u00b0 [&hellip;]<\/p>\n","protected":false},"author":4,"featured_media":21959,"comment_status":"open","ping_status":"closed","sticky":false,"template":"","format":"standard","meta":{"om_disable_all_campaigns":false,"_jetpack_memberships_contains_paid_content":false,"footnotes":""},"categories":[2,103],"tags":[],"class_list":["post-38266","post","type-post","status-publish","format-standard","has-post-thumbnail","hentry","category-locales","category-policiales-locales"],"aioseo_notices":[],"gutentor_comment":0,"jetpack_featured_media_url":"https:\/\/eldiariodesanpedro.com.ar\/sitio\/wp-content\/uploads\/2017\/08\/cuchillo.jpg","jetpack_shortlink":"https:\/\/wp.me\/p6RhLt-9Xc","jetpack_sharing_enabled":true,"_links":{"self":[{"href":"https:\/\/eldiariodesanpedro.com.ar\/sitio\/wp-json\/wp\/v2\/posts\/38266","targetHints":{"allow":["GET"]}}],"collection":[{"href":"https:\/\/eldiariodesanpedro.com.ar\/sitio\/wp-json\/wp\/v2\/posts"}],"about":[{"href":"https:\/\/eldiariodesanpedro.com.ar\/sitio\/wp-json\/wp\/v2\/types\/post"}],"author":[{"embeddable":true,"href":"https:\/\/eldiariodesanpedro.com.ar\/sitio\/wp-json\/wp\/v2\/users\/4"}],"replies":[{"embeddable":true,"href":"https:\/\/eldiariodesanpedro.com.ar\/sitio\/wp-json\/wp\/v2\/comments?post=38266"}],"version-history":[{"count":1,"href":"https:\/\/eldiariodesanpedro.com.ar\/sitio\/wp-json\/wp\/v2\/posts\/38266\/revisions"}],"predecessor-version":[{"id":38267,"href":"https:\/\/eldiariodesanpedro.com.ar\/sitio\/wp-json\/wp\/v2\/posts\/38266\/revisions\/38267"}],"wp:featuredmedia":[{"embeddable":true,"href":"https:\/\/eldiariodesanpedro.com.ar\/sitio\/wp-json\/wp\/v2\/media\/21959"}],"wp:attachment":[{"href":"https:\/\/eldiariodesanpedro.com.ar\/sitio\/wp-json\/wp\/v2\/media?parent=38266"}],"wp:term":[{"taxonomy":"category","embeddable":true,"href":"https:\/\/eldiariodesanpedro.com.ar\/sitio\/wp-json\/wp\/v2\/categories?post=38266"},{"taxonomy":"post_tag","embeddable":true,"href":"https:\/\/eldiariodesanpedro.com.ar\/sitio\/wp-json\/wp\/v2\/tags?post=38266"}],"curies":[{"name":"wp","href":"https:\/\/api.w.org\/{rel}","templated":true}]}}