{"id":38260,"date":"2018-08-13T09:30:34","date_gmt":"2018-08-13T12:30:34","guid":{"rendered":"https:\/\/eldiariodesanpedro.com.ar\/sitio\/?p=38260"},"modified":"2018-08-13T09:30:34","modified_gmt":"2018-08-13T12:30:34","slug":"lo-lleve-a-mi-papa-a-la-guardia-y-cuando-volvio-su-ropa-estaba-manchada-con-lavandina","status":"publish","type":"post","link":"https:\/\/eldiariodesanpedro.com.ar\/sitio\/lo-lleve-a-mi-papa-a-la-guardia-y-cuando-volvio-su-ropa-estaba-manchada-con-lavandina\/","title":{"rendered":"\u00abLo lleve a mi pap\u00e1 a la guardia y cuando volvi\u00f3 su ropa estaba manchada con lavandina\u00bb"},"content":{"rendered":"<p><!-- VideographyWP Plugin Message: Automatic video embedding prevented by plugin options. --><br \/>\nEn la madrugada del domingo, un ciudadano de 51 a\u00f1os de edad, fue atendido en la guardia del Hospital subzonal San Pedro luego de que sus familiares lo llevar\u00e1n por sus propios medios al no ser atendidos por la llamada al 107.<\/p>\n<p>\u00abLlegamos y ante la desesperaci\u00f3n de los familiares al ver que mi pap\u00e1 se desvanecia un t\u00edo mio comienza a patearles  la puerta y ah\u00ed escuchan y lo atienden lo acuestan en la camilla y lo dejan en observaci\u00f3n lo atienden muy bien haci\u00e9ndoles chequeos  de todo tipo pero para sorpresa,luego de 5 horas de observaci\u00f3n se levanta y nota que su ropa estaba manchada con lavandina\u00bb contaba  Guadalupe su hija a este medio.<\/p>\n<p>\u00abSe ve que limpian por limpiar,como para decir que limpian xq eso es una negligencia  total no se a quien corresponda que tomen cartas en el asunto es una verguenza!!una paciente que tambi\u00e9n estaba en observaci\u00f3n le pas\u00f3 absolutamente lo mismo. Yo pregunto quien se hace cargo? Xq no hab\u00eda nadie en el momento,ni siquiera en ventanilla? Despu\u00e9s la gente se enoja xq rompen,xq patotean. Pero si no hay nadie y tu familiar se est\u00e1 muriendo no te queda otra\u00bb finalizaba.<\/p>\n<p>Su pap\u00e1 tuvo una descompensaci\u00f3n por falta de ox\u00edgeno y una se encuentra en mejor estado de salud en su hogar.<\/p>\n","protected":false},"excerpt":{"rendered":"<p>En la madrugada del domingo, un ciudadano de 51 a\u00f1os de edad, fue atendido en la guardia del Hospital subzonal San Pedro luego de que sus familiares lo llevar\u00e1n por sus propios medios al no ser atendidos por la llamada al 107. \u00abLlegamos y ante la desesperaci\u00f3n de los familiares al ver que mi pap\u00e1 [&hellip;]<\/p>\n","protected":false},"author":4,"featured_media":38263,"comment_status":"open","ping_status":"closed","sticky":false,"template":"","format":"standard","meta":{"om_disable_all_campaigns":false,"_jetpack_memberships_contains_paid_content":false,"footnotes":""},"categories":[50,101,2],"tags":[],"class_list":["post-38260","post","type-post","status-publish","format-standard","has-post-thumbnail","hentry","category-destacadas","category-interes-general-locales","category-locales"],"aioseo_notices":[],"gutentor_comment":0,"jetpack_featured_media_url":"https:\/\/eldiariodesanpedro.com.ar\/sitio\/wp-content\/uploads\/2018\/08\/IMG-20180812-WA0011-2-e1534163367546.jpg","jetpack_shortlink":"https:\/\/wp.me\/p6RhLt-9X6","jetpack_sharing_enabled":true,"_links":{"self":[{"href":"https:\/\/eldiariodesanpedro.com.ar\/sitio\/wp-json\/wp\/v2\/posts\/38260","targetHints":{"allow":["GET"]}}],"collection":[{"href":"https:\/\/eldiariodesanpedro.com.ar\/sitio\/wp-json\/wp\/v2\/posts"}],"about":[{"href":"https:\/\/eldiariodesanpedro.com.ar\/sitio\/wp-json\/wp\/v2\/types\/post"}],"author":[{"embeddable":true,"href":"https:\/\/eldiariodesanpedro.com.ar\/sitio\/wp-json\/wp\/v2\/users\/4"}],"replies":[{"embeddable":true,"href":"https:\/\/eldiariodesanpedro.com.ar\/sitio\/wp-json\/wp\/v2\/comments?post=38260"}],"version-history":[{"count":1,"href":"https:\/\/eldiariodesanpedro.com.ar\/sitio\/wp-json\/wp\/v2\/posts\/38260\/revisions"}],"predecessor-version":[{"id":38265,"href":"https:\/\/eldiariodesanpedro.com.ar\/sitio\/wp-json\/wp\/v2\/posts\/38260\/revisions\/38265"}],"wp:featuredmedia":[{"embeddable":true,"href":"https:\/\/eldiariodesanpedro.com.ar\/sitio\/wp-json\/wp\/v2\/media\/38263"}],"wp:attachment":[{"href":"https:\/\/eldiariodesanpedro.com.ar\/sitio\/wp-json\/wp\/v2\/media?parent=38260"}],"wp:term":[{"taxonomy":"category","embeddable":true,"href":"https:\/\/eldiariodesanpedro.com.ar\/sitio\/wp-json\/wp\/v2\/categories?post=38260"},{"taxonomy":"post_tag","embeddable":true,"href":"https:\/\/eldiariodesanpedro.com.ar\/sitio\/wp-json\/wp\/v2\/tags?post=38260"}],"curies":[{"name":"wp","href":"https:\/\/api.w.org\/{rel}","templated":true}]}}