{"id":38252,"date":"2018-08-13T09:07:08","date_gmt":"2018-08-13T12:07:08","guid":{"rendered":"https:\/\/eldiariodesanpedro.com.ar\/sitio\/?p=38252"},"modified":"2018-08-13T09:07:08","modified_gmt":"2018-08-13T12:07:08","slug":"grave-accidente-en-la-ruta-con-tres-personas-fallecidas","status":"publish","type":"post","link":"https:\/\/eldiariodesanpedro.com.ar\/sitio\/grave-accidente-en-la-ruta-con-tres-personas-fallecidas\/","title":{"rendered":"Grave accidente en la ruta con tres personas fallecidas"},"content":{"rendered":"<p><!-- VideographyWP Plugin Message: Automatic video embedding prevented by plugin options. --><br \/>\nEl siniestro se origin\u00f3 sobre el kil\u00f3metro 157 de la Ruta Nacional N\u00b0 9 carril Buenos Aires- Rosario en jurisdicci\u00f3n de R\u00edo Tala, partido de San Pedro, cuando esta madrugada un autom\u00f3vil marca Renault Logan de color blanco impact\u00f3 contra el acoplado de un cami\u00f3n Mercedez Benz 1633 esta madrugada.<\/p>\n<p>El cami\u00f3n transportaba arena y por circunstancias que se desconocen termin\u00f3 volcando sobre la cinta asf\u00e1ltica quedando cruzado sobre todo el ancho de la ruta y el automovil que venia detras termino impactando violentamente contra el mismo.<\/p>\n<p>En el siniestro el conductor del cami\u00f3n resulto ileso mientras que perdieron la vida las tres personas que viajaban en el rodado menor, que fueron identificadas mas tardes como Fernando Ariel Pujovich de 71 a\u00f1os, Carmen Tuli\u00e1n de 69 y otra mujer que no fue reconocida, todos oriundos de Rosario. Los cuerpos fueron trasladados a la morgue judicial y se los someter\u00e1 a la autopsia. <\/p>\n<p>Interviene la UFI N\u00ba11 a cargo de la Dr Ramos.<\/p>\n","protected":false},"excerpt":{"rendered":"<p>El siniestro se origin\u00f3 sobre el kil\u00f3metro 157 de la Ruta Nacional N\u00b0 9 carril Buenos Aires- Rosario en jurisdicci\u00f3n de R\u00edo Tala, partido de San Pedro, cuando esta madrugada un autom\u00f3vil marca Renault Logan de color blanco impact\u00f3 contra el acoplado de un cami\u00f3n Mercedez Benz 1633 esta madrugada. El cami\u00f3n transportaba arena y [&hellip;]<\/p>\n","protected":false},"author":4,"featured_media":38257,"comment_status":"open","ping_status":"closed","sticky":false,"template":"","format":"standard","meta":{"om_disable_all_campaigns":false,"_jetpack_memberships_contains_paid_content":false,"footnotes":""},"categories":[50,2,103],"tags":[],"class_list":["post-38252","post","type-post","status-publish","format-standard","has-post-thumbnail","hentry","category-destacadas","category-locales","category-policiales-locales"],"aioseo_notices":[],"gutentor_comment":0,"jetpack_featured_media_url":"https:\/\/eldiariodesanpedro.com.ar\/sitio\/wp-content\/uploads\/2018\/08\/WhatsApp-Image-2018-08-13-at-02.39.39.jpeg","jetpack_shortlink":"https:\/\/wp.me\/p6RhLt-9WY","jetpack_sharing_enabled":true,"_links":{"self":[{"href":"https:\/\/eldiariodesanpedro.com.ar\/sitio\/wp-json\/wp\/v2\/posts\/38252","targetHints":{"allow":["GET"]}}],"collection":[{"href":"https:\/\/eldiariodesanpedro.com.ar\/sitio\/wp-json\/wp\/v2\/posts"}],"about":[{"href":"https:\/\/eldiariodesanpedro.com.ar\/sitio\/wp-json\/wp\/v2\/types\/post"}],"author":[{"embeddable":true,"href":"https:\/\/eldiariodesanpedro.com.ar\/sitio\/wp-json\/wp\/v2\/users\/4"}],"replies":[{"embeddable":true,"href":"https:\/\/eldiariodesanpedro.com.ar\/sitio\/wp-json\/wp\/v2\/comments?post=38252"}],"version-history":[{"count":1,"href":"https:\/\/eldiariodesanpedro.com.ar\/sitio\/wp-json\/wp\/v2\/posts\/38252\/revisions"}],"predecessor-version":[{"id":38258,"href":"https:\/\/eldiariodesanpedro.com.ar\/sitio\/wp-json\/wp\/v2\/posts\/38252\/revisions\/38258"}],"wp:featuredmedia":[{"embeddable":true,"href":"https:\/\/eldiariodesanpedro.com.ar\/sitio\/wp-json\/wp\/v2\/media\/38257"}],"wp:attachment":[{"href":"https:\/\/eldiariodesanpedro.com.ar\/sitio\/wp-json\/wp\/v2\/media?parent=38252"}],"wp:term":[{"taxonomy":"category","embeddable":true,"href":"https:\/\/eldiariodesanpedro.com.ar\/sitio\/wp-json\/wp\/v2\/categories?post=38252"},{"taxonomy":"post_tag","embeddable":true,"href":"https:\/\/eldiariodesanpedro.com.ar\/sitio\/wp-json\/wp\/v2\/tags?post=38252"}],"curies":[{"name":"wp","href":"https:\/\/api.w.org\/{rel}","templated":true}]}}