{"id":38246,"date":"2018-08-12T21:17:06","date_gmt":"2018-08-13T00:17:06","guid":{"rendered":"https:\/\/eldiariodesanpedro.com.ar\/sitio\/?p=38246"},"modified":"2018-08-12T21:17:06","modified_gmt":"2018-08-13T00:17:06","slug":"provincia-intendentes-del-interior-bonaerense-denuncian-persecucion-politica-y-judicial","status":"publish","type":"post","link":"https:\/\/eldiariodesanpedro.com.ar\/sitio\/provincia-intendentes-del-interior-bonaerense-denuncian-persecucion-politica-y-judicial\/","title":{"rendered":"PROVINCIA: Intendentes del interior bonaerense denuncian persecuci\u00f3n pol\u00edtica y judicial"},"content":{"rendered":"<p><!-- VideographyWP Plugin Message: Automatic video embedding prevented by plugin options. --><br \/>\nLos intendentes peronistas del interior de la provincia de Buenos Aires repudiamos y alertamos sobre la citaci\u00f3n a indagatoria y pedido de desafuero a la senadora nacional Cristina Fern\u00e1ndez de Kirchner.<\/p>\n<p>  Una vez m\u00e1s, desde que asumi\u00f3 el Gobierno de Macri y Vidal, se vuelve a poner en funcionamiento el aparato medi\u00e1tico\/pol\u00edtico\/judicial para intentar ensuciar al principal espacio y dirigente de la oposici\u00f3n con rid\u00edculas y delirantes causas judiciales que violan de lleno los m\u00e1s sagrados principios institucionales y constitucionales vigentes en Argentina. Se pretende perseguir y proscribir a CFK, del mismo modo que hacen en Ecuador con Correa y en Brasil con Lula, repitiendo sistemas harto conocidos por nuestra regi\u00f3n de sometimiento a los movimientos pol\u00edticos populares que enfrentan intereses econ\u00f3micos y financieros concentrados internacionales y locales.<br \/>\n  Estamos presenciando un proceso de investigaci\u00f3n mundial sobre el uso indebido de Big Data, informaci\u00f3n personal y redes sociales con el \u00fanico objetivo de hacer campa\u00f1as electorales en distintos pa\u00edses, incluida Argentina, orientadas a desprestigiar l\u00edderes populares y favorecer gobiernos aliados al sistema financiero planetario.<br \/>\n  No es casualidad que un nuevo ataque a CFK coincida con el peor momento pol\u00edtico de Cambiemos, tanto en lo econ\u00f3mico como en lo social, productivo, laboral, e investigaciones de corrupci\u00f3n y aportes truchos muy delicadas. Desde el peronismo del interior bonaerense exigimos se le ponga fin a este disparate, que el Gobierno de Macri y Vidal se dediquen a resolver los problemas de los ciudadanos que est\u00e1n pasando momentos muy tristes de ajuste y despidos, que la Corte Suprema de Justicia de la Naci\u00f3n tome, de una vez, cartas en el asunto para que se ponga un freno a las persecuciones pol\u00edticas a opositores, y que los grandes medios de comunicaci\u00f3n dejen de funcionar como operadores de sus intereses mezquinos.<\/p>\n<p>Francisco Dura\u00f1ona, intendente de San Antonio de Areco<br \/>\nGustavo Cocconi, intendente de Tapalqu\u00e9<br \/>\nHern\u00e1n Ralinqueo, intendente de 25 de Mayo<br \/>\nJuan Ignacio Ustarroz, intendente de Mercedes<br \/>\nEduardo Marcelo Santill\u00e1n, intendente de Adolfo Gonz\u00e1les Chaves<br \/>\nRicardo Casi, Intendente de Col\u00f3n<br \/>\nAlfredo Fisher, intendente de Laprida<br \/>\nMauro David Poletti, intendente de Ramallo<br \/>\nJulio C\u00e9sar Marini, intendente de Benito Ju\u00e1rez<br \/>\nBloques de Legisladores de Unidad Ciudadana<\/p>\n","protected":false},"excerpt":{"rendered":"<p>Los intendentes peronistas del interior de la provincia de Buenos Aires repudiamos y alertamos sobre la citaci\u00f3n a indagatoria y pedido de desafuero a la senadora nacional Cristina Fern\u00e1ndez de Kirchner. Una vez m\u00e1s, desde que asumi\u00f3 el Gobierno de Macri y Vidal, se vuelve a poner en funcionamiento el aparato medi\u00e1tico\/pol\u00edtico\/judicial para intentar ensuciar [&hellip;]<\/p>\n","protected":false},"author":4,"featured_media":38248,"comment_status":"open","ping_status":"closed","sticky":false,"template":"","format":"standard","meta":{"om_disable_all_campaigns":false,"_jetpack_memberships_contains_paid_content":false,"footnotes":""},"categories":[621],"tags":[],"class_list":["post-38246","post","type-post","status-publish","format-standard","has-post-thumbnail","hentry","category-regionales"],"aioseo_notices":[],"gutentor_comment":0,"jetpack_featured_media_url":"https:\/\/eldiariodesanpedro.com.ar\/sitio\/wp-content\/uploads\/2018\/08\/Repudio-al-pedido-de-desafuero-de-la-senadora-CFK.jpg","jetpack_shortlink":"https:\/\/wp.me\/p6RhLt-9WS","jetpack_sharing_enabled":true,"_links":{"self":[{"href":"https:\/\/eldiariodesanpedro.com.ar\/sitio\/wp-json\/wp\/v2\/posts\/38246","targetHints":{"allow":["GET"]}}],"collection":[{"href":"https:\/\/eldiariodesanpedro.com.ar\/sitio\/wp-json\/wp\/v2\/posts"}],"about":[{"href":"https:\/\/eldiariodesanpedro.com.ar\/sitio\/wp-json\/wp\/v2\/types\/post"}],"author":[{"embeddable":true,"href":"https:\/\/eldiariodesanpedro.com.ar\/sitio\/wp-json\/wp\/v2\/users\/4"}],"replies":[{"embeddable":true,"href":"https:\/\/eldiariodesanpedro.com.ar\/sitio\/wp-json\/wp\/v2\/comments?post=38246"}],"version-history":[{"count":2,"href":"https:\/\/eldiariodesanpedro.com.ar\/sitio\/wp-json\/wp\/v2\/posts\/38246\/revisions"}],"predecessor-version":[{"id":38251,"href":"https:\/\/eldiariodesanpedro.com.ar\/sitio\/wp-json\/wp\/v2\/posts\/38246\/revisions\/38251"}],"wp:featuredmedia":[{"embeddable":true,"href":"https:\/\/eldiariodesanpedro.com.ar\/sitio\/wp-json\/wp\/v2\/media\/38248"}],"wp:attachment":[{"href":"https:\/\/eldiariodesanpedro.com.ar\/sitio\/wp-json\/wp\/v2\/media?parent=38246"}],"wp:term":[{"taxonomy":"category","embeddable":true,"href":"https:\/\/eldiariodesanpedro.com.ar\/sitio\/wp-json\/wp\/v2\/categories?post=38246"},{"taxonomy":"post_tag","embeddable":true,"href":"https:\/\/eldiariodesanpedro.com.ar\/sitio\/wp-json\/wp\/v2\/tags?post=38246"}],"curies":[{"name":"wp","href":"https:\/\/api.w.org\/{rel}","templated":true}]}}