{"id":38241,"date":"2018-08-12T21:11:55","date_gmt":"2018-08-13T00:11:55","guid":{"rendered":"https:\/\/eldiariodesanpedro.com.ar\/sitio\/?p=38241"},"modified":"2026-01-24T00:11:15","modified_gmt":"2026-01-24T03:11:15","slug":"automovilismo-junior-solmi-logro-su-primera-victoria","status":"publish","type":"post","link":"https:\/\/eldiariodesanpedro.com.ar\/sitio\/automovilismo-junior-solmi-logro-su-primera-victoria\/","title":{"rendered":"AUTOMOVILISMO: Junior Solmi logr\u00f3 su primera victoria"},"content":{"rendered":"<p><!-- VideographyWP Plugin Message: Automatic video embedding prevented by plugin options. --><br \/>\n  Parece a prop\u00f3sito, pero este fin de semana fue la primera vez que Junior Solmi tuvo la posibilidad de entrenar en la jornada del viernes. Y el s\u00e1bado logr\u00f3 nada m\u00e1s y nada menos que su primera pole position en la especialidad. Arrancaba un gran fin de semana para Solmi.<\/p>\n<p>  Luego gan\u00f3 su serie, aunque no fue la m\u00e1s r\u00e1pida. Pero estaba preparado para la final. Quer\u00eda festejar en la categor\u00eda. Fue en b\u00fasqueda de eso y lo consigui\u00f3. Qued\u00f3 13ro en el campeonato. <\/p>\n<p>  El podio lo completaron Ramiro De Bonis (Chevrolet) y Diego Mart\u00ednez (Dodge).<\/p>\n","protected":false},"excerpt":{"rendered":"<p>Parece a prop\u00f3sito, pero este fin de semana fue la primera vez que Junior Solmi tuvo la posibilidad de entrenar en la jornada del viernes. Y el s\u00e1bado logr\u00f3 nada m\u00e1s y nada menos que su primera pole position en la especialidad. Arrancaba un gran fin de semana para Solmi. Luego gan\u00f3 su serie, aunque [&hellip;]<\/p>\n","protected":false},"author":4,"featured_media":38242,"comment_status":"open","ping_status":"closed","sticky":false,"template":"","format":"standard","meta":{"om_disable_all_campaigns":false,"_jetpack_memberships_contains_paid_content":false,"footnotes":""},"categories":[5],"tags":[],"class_list":["post-38241","post","type-post","status-publish","format-standard","has-post-thumbnail","hentry","category-deportes"],"aioseo_notices":[],"gutentor_comment":0,"jetpack_featured_media_url":"https:\/\/eldiariodesanpedro.com.ar\/sitio\/wp-content\/uploads\/2018\/08\/junior-solmi-en-carrera.jpg","jetpack_shortlink":"https:\/\/wp.me\/p6RhLt-9WN","jetpack_sharing_enabled":true,"_links":{"self":[{"href":"https:\/\/eldiariodesanpedro.com.ar\/sitio\/wp-json\/wp\/v2\/posts\/38241","targetHints":{"allow":["GET"]}}],"collection":[{"href":"https:\/\/eldiariodesanpedro.com.ar\/sitio\/wp-json\/wp\/v2\/posts"}],"about":[{"href":"https:\/\/eldiariodesanpedro.com.ar\/sitio\/wp-json\/wp\/v2\/types\/post"}],"author":[{"embeddable":true,"href":"https:\/\/eldiariodesanpedro.com.ar\/sitio\/wp-json\/wp\/v2\/users\/4"}],"replies":[{"embeddable":true,"href":"https:\/\/eldiariodesanpedro.com.ar\/sitio\/wp-json\/wp\/v2\/comments?post=38241"}],"version-history":[{"count":1,"href":"https:\/\/eldiariodesanpedro.com.ar\/sitio\/wp-json\/wp\/v2\/posts\/38241\/revisions"}],"predecessor-version":[{"id":38244,"href":"https:\/\/eldiariodesanpedro.com.ar\/sitio\/wp-json\/wp\/v2\/posts\/38241\/revisions\/38244"}],"wp:featuredmedia":[{"embeddable":true,"href":"https:\/\/eldiariodesanpedro.com.ar\/sitio\/wp-json\/wp\/v2\/media\/38242"}],"wp:attachment":[{"href":"https:\/\/eldiariodesanpedro.com.ar\/sitio\/wp-json\/wp\/v2\/media?parent=38241"}],"wp:term":[{"taxonomy":"category","embeddable":true,"href":"https:\/\/eldiariodesanpedro.com.ar\/sitio\/wp-json\/wp\/v2\/categories?post=38241"},{"taxonomy":"post_tag","embeddable":true,"href":"https:\/\/eldiariodesanpedro.com.ar\/sitio\/wp-json\/wp\/v2\/tags?post=38241"}],"curies":[{"name":"wp","href":"https:\/\/api.w.org\/{rel}","templated":true}]}}