{"id":38233,"date":"2018-08-12T21:04:22","date_gmt":"2018-08-13T00:04:22","guid":{"rendered":"https:\/\/eldiariodesanpedro.com.ar\/sitio\/?p=38233"},"modified":"2026-01-24T00:11:16","modified_gmt":"2026-01-24T03:11:16","slug":"patin-artistico-serena-munoz-se-consagro-con-medalla-de-oro-plata-y-bronce-en-uruguay","status":"publish","type":"post","link":"https:\/\/eldiariodesanpedro.com.ar\/sitio\/patin-artistico-serena-munoz-se-consagro-con-medalla-de-oro-plata-y-bronce-en-uruguay\/","title":{"rendered":"PAT\u00cdN ART\u00cdSTICO: Serena Mu\u00f1oz se consagr\u00f3 con medalla de oro, plata y bronce en Uruguay"},"content":{"rendered":"<p><!-- VideographyWP Plugin Message: Automatic video embedding prevented by plugin options. --><br \/>\n  Serena Mu\u00f1oz, representante del Club Mitre logr\u00f3 finalmente tres medallas, compitiendo en la Copa Internacional Uruguay 2018, llevado a cabo en Maldonado.<\/p>\n<p>  Medalla de Oro en combinada, Bronce en libre y Plata en figuras obligatorias durante tres d\u00edas de competencias. Junto a Serena estuvo la profesora Mar\u00eda Paula Ferreyra, quien expres\u00f3 su felicidad por el logro de la deportista en Facebook \u00abEs un gran merito por tu esfuerzo y dedicaci\u00f3n, gracias a la familia que tanto la acompa\u00f1a. Hermosa experiencia juntas\u00bb.<\/p>\n<p><img decoding=\"async\" data-attachment-id=\"38237\" data-permalink=\"https:\/\/eldiariodesanpedro.com.ar\/sitio\/patin-artistico-serena-munoz-se-consagro-con-medalla-de-oro-plata-y-bronce-en-uruguay\/foto-2-13-08-18-maria_paula-serena\/\" data-orig-file=\"https:\/\/eldiariodesanpedro.com.ar\/sitio\/wp-content\/uploads\/2018\/08\/foto-2-13-08-18-maria_paula-Serena.jpg\" data-orig-size=\"960,1280\" data-comments-opened=\"1\" data-image-meta=\"{&quot;aperture&quot;:&quot;0&quot;,&quot;credit&quot;:&quot;&quot;,&quot;camera&quot;:&quot;&quot;,&quot;caption&quot;:&quot;&quot;,&quot;created_timestamp&quot;:&quot;0&quot;,&quot;copyright&quot;:&quot;&quot;,&quot;focal_length&quot;:&quot;0&quot;,&quot;iso&quot;:&quot;0&quot;,&quot;shutter_speed&quot;:&quot;0&quot;,&quot;title&quot;:&quot;&quot;,&quot;orientation&quot;:&quot;0&quot;}\" data-image-title=\"foto 2 13-08-18 maria_paula-Serena\" data-image-description=\"\" data-image-caption=\"\" data-large-file=\"https:\/\/eldiariodesanpedro.com.ar\/sitio\/wp-content\/uploads\/2018\/08\/foto-2-13-08-18-maria_paula-Serena-768x1024.jpg\" data-src=\"https:\/\/eldiariodesanpedro.com.ar\/sitio\/wp-content\/uploads\/2018\/08\/foto-2-13-08-18-maria_paula-Serena-768x1024.jpg\" alt=\"\" width=\"660\" height=\"880\" class=\"alignnone size-large wp-image-38237 lazyload\" data-srcset=\"https:\/\/eldiariodesanpedro.com.ar\/sitio\/wp-content\/uploads\/2018\/08\/foto-2-13-08-18-maria_paula-Serena-768x1024.jpg 768w, https:\/\/eldiariodesanpedro.com.ar\/sitio\/wp-content\/uploads\/2018\/08\/foto-2-13-08-18-maria_paula-Serena-225x300.jpg 225w, https:\/\/eldiariodesanpedro.com.ar\/sitio\/wp-content\/uploads\/2018\/08\/foto-2-13-08-18-maria_paula-Serena.jpg 960w\" data-sizes=\"(max-width: 660px) 100vw, 660px\" src=\"data:image\/svg+xml;base64,PHN2ZyB3aWR0aD0iMSIgaGVpZ2h0PSIxIiB4bWxucz0iaHR0cDovL3d3dy53My5vcmcvMjAwMC9zdmciPjwvc3ZnPg==\" style=\"--smush-placeholder-width: 660px; --smush-placeholder-aspect-ratio: 660\/880;\" \/><img decoding=\"async\" data-attachment-id=\"38237\" data-permalink=\"https:\/\/eldiariodesanpedro.com.ar\/sitio\/patin-artistico-serena-munoz-se-consagro-con-medalla-de-oro-plata-y-bronce-en-uruguay\/foto-2-13-08-18-maria_paula-serena\/\" data-orig-file=\"https:\/\/eldiariodesanpedro.com.ar\/sitio\/wp-content\/uploads\/2018\/08\/foto-2-13-08-18-maria_paula-Serena.jpg\" data-orig-size=\"960,1280\" data-comments-opened=\"1\" data-image-meta=\"{&quot;aperture&quot;:&quot;0&quot;,&quot;credit&quot;:&quot;&quot;,&quot;camera&quot;:&quot;&quot;,&quot;caption&quot;:&quot;&quot;,&quot;created_timestamp&quot;:&quot;0&quot;,&quot;copyright&quot;:&quot;&quot;,&quot;focal_length&quot;:&quot;0&quot;,&quot;iso&quot;:&quot;0&quot;,&quot;shutter_speed&quot;:&quot;0&quot;,&quot;title&quot;:&quot;&quot;,&quot;orientation&quot;:&quot;0&quot;}\" data-image-title=\"foto 2 13-08-18 maria_paula-Serena\" data-image-description=\"\" data-image-caption=\"\" data-large-file=\"https:\/\/eldiariodesanpedro.com.ar\/sitio\/wp-content\/uploads\/2018\/08\/foto-2-13-08-18-maria_paula-Serena-768x1024.jpg\" data-src=\"https:\/\/eldiariodesanpedro.com.ar\/sitio\/wp-content\/uploads\/2018\/08\/foto-2-13-08-18-maria_paula-Serena-768x1024.jpg\" alt=\"\" width=\"660\" height=\"880\" class=\"alignnone size-large wp-image-38237 lazyload\" data-srcset=\"https:\/\/eldiariodesanpedro.com.ar\/sitio\/wp-content\/uploads\/2018\/08\/foto-2-13-08-18-maria_paula-Serena-768x1024.jpg 768w, https:\/\/eldiariodesanpedro.com.ar\/sitio\/wp-content\/uploads\/2018\/08\/foto-2-13-08-18-maria_paula-Serena-225x300.jpg 225w, https:\/\/eldiariodesanpedro.com.ar\/sitio\/wp-content\/uploads\/2018\/08\/foto-2-13-08-18-maria_paula-Serena.jpg 960w\" data-sizes=\"(max-width: 660px) 100vw, 660px\" src=\"data:image\/svg+xml;base64,PHN2ZyB3aWR0aD0iMSIgaGVpZ2h0PSIxIiB4bWxucz0iaHR0cDovL3d3dy53My5vcmcvMjAwMC9zdmciPjwvc3ZnPg==\" style=\"--smush-placeholder-width: 660px; --smush-placeholder-aspect-ratio: 660\/880;\" \/><br \/>\n<strong>Serena Mu\u00f1oz y su entrenadora M. Paula Ferreyra<\/strong><\/p>\n","protected":false},"excerpt":{"rendered":"<p>Serena Mu\u00f1oz, representante del Club Mitre logr\u00f3 finalmente tres medallas, compitiendo en la Copa Internacional Uruguay 2018, llevado a cabo en Maldonado. Medalla de Oro en combinada, Bronce en libre y Plata en figuras obligatorias durante tres d\u00edas de competencias. Junto a Serena estuvo la profesora Mar\u00eda Paula Ferreyra, quien expres\u00f3 su felicidad por el [&hellip;]<\/p>\n","protected":false},"author":4,"featured_media":38236,"comment_status":"open","ping_status":"closed","sticky":false,"template":"","format":"standard","meta":{"om_disable_all_campaigns":false,"_jetpack_memberships_contains_paid_content":false,"footnotes":""},"categories":[5],"tags":[],"class_list":["post-38233","post","type-post","status-publish","format-standard","has-post-thumbnail","hentry","category-deportes"],"aioseo_notices":[],"gutentor_comment":0,"jetpack_featured_media_url":"https:\/\/eldiariodesanpedro.com.ar\/sitio\/wp-content\/uploads\/2018\/08\/Serena-posando-en-el-Campus-de-Maldonado-Inolvidable-actuaci\u00f3n.jpg","jetpack_shortlink":"https:\/\/wp.me\/p6RhLt-9WF","jetpack_sharing_enabled":true,"_links":{"self":[{"href":"https:\/\/eldiariodesanpedro.com.ar\/sitio\/wp-json\/wp\/v2\/posts\/38233","targetHints":{"allow":["GET"]}}],"collection":[{"href":"https:\/\/eldiariodesanpedro.com.ar\/sitio\/wp-json\/wp\/v2\/posts"}],"about":[{"href":"https:\/\/eldiariodesanpedro.com.ar\/sitio\/wp-json\/wp\/v2\/types\/post"}],"author":[{"embeddable":true,"href":"https:\/\/eldiariodesanpedro.com.ar\/sitio\/wp-json\/wp\/v2\/users\/4"}],"replies":[{"embeddable":true,"href":"https:\/\/eldiariodesanpedro.com.ar\/sitio\/wp-json\/wp\/v2\/comments?post=38233"}],"version-history":[{"count":1,"href":"https:\/\/eldiariodesanpedro.com.ar\/sitio\/wp-json\/wp\/v2\/posts\/38233\/revisions"}],"predecessor-version":[{"id":38239,"href":"https:\/\/eldiariodesanpedro.com.ar\/sitio\/wp-json\/wp\/v2\/posts\/38233\/revisions\/38239"}],"wp:featuredmedia":[{"embeddable":true,"href":"https:\/\/eldiariodesanpedro.com.ar\/sitio\/wp-json\/wp\/v2\/media\/38236"}],"wp:attachment":[{"href":"https:\/\/eldiariodesanpedro.com.ar\/sitio\/wp-json\/wp\/v2\/media?parent=38233"}],"wp:term":[{"taxonomy":"category","embeddable":true,"href":"https:\/\/eldiariodesanpedro.com.ar\/sitio\/wp-json\/wp\/v2\/categories?post=38233"},{"taxonomy":"post_tag","embeddable":true,"href":"https:\/\/eldiariodesanpedro.com.ar\/sitio\/wp-json\/wp\/v2\/tags?post=38233"}],"curies":[{"name":"wp","href":"https:\/\/api.w.org\/{rel}","templated":true}]}}