{"id":38224,"date":"2018-08-12T19:34:19","date_gmt":"2018-08-12T22:34:19","guid":{"rendered":"https:\/\/eldiariodesanpedro.com.ar\/sitio\/?p=38224"},"modified":"2018-08-12T19:34:19","modified_gmt":"2018-08-12T22:34:19","slug":"emotivo-59-aniversario-de-los-bomberos-voluntarios","status":"publish","type":"post","link":"https:\/\/eldiariodesanpedro.com.ar\/sitio\/emotivo-59-aniversario-de-los-bomberos-voluntarios\/","title":{"rendered":"Emotivo 59\u00b0 aniversario de los Bomberos Voluntarios"},"content":{"rendered":"<p><!-- VideographyWP Plugin Message: Automatic video embedding prevented by plugin options. --><br \/>\nEl cuartel central fue escenario del acto oficial. Hubo reconocimientos, sorpresas y la presentaci\u00f3n de nuevas unidades.<\/p>\n<p>Los Bomberos Voluntarios de San Pedro celebraron un a\u00f1o m\u00e1s de vida con un acto protocolar que se desarroll\u00f3 sobre las puertas del cuartel central. La celebraci\u00f3n reuni\u00f3 a quienes a lo largo de todos estos a\u00f1os colaboraron y trabajaron para que la entidad se mantenga y est\u00e9 a la altura de las exigencias diarias.<\/p>\n<p>Durante el acto se presentaron las flamantes unidades adquiridas por la entidad. Un cami\u00f3n que est\u00e1 compuesto por un brazo hidr\u00e1ulico que le permite trabajar en una altura similar a nueve pisos. La unidad fue adquirida en Holanda. Tambi\u00e9n se present\u00f3 un veh\u00edculo 0Km que se utilizar\u00e1 como unidad de traslado.<\/p>\n<p>Ambos m\u00f3viles llevar\u00e1n los nombres del Comandante Mayor Marcelo Duarte, ex jefe de cuerpo y presidente del Consejo Directivo,  y el historiador Am\u00e9rico Piccagli, quien de su pu\u00f1o y letra construy\u00f3 la historia de los Bomeros sampedrinos traducida a trav\u00e9s de un libro de su autor\u00eda.<\/p>\n<p>Hubo homenajes y reconocimientos para los bomberos Susana Navarro, Alejandro Garc\u00eda y Nicol\u00e1s Cava. Tambi\u00e9n para Marisa Casta\u00f1ares, Dami\u00e1n D\u00edaz y David Z\u00e1rate. Tambi\u00e9n una importante donaci\u00f3n del Sindicato de Comercio que otorg\u00f3 a Bomberos una suma de 10 mil pesos.<\/p>\n<p>En su discurso, el actual presidente del Consejo Directivo, Mauro Rasio, destac\u00f3 con congoja la desaparici\u00f3n del Rotary Club, parte de las entidades fundadoras del cuerpo. Tambi\u00e9n destac\u00f3 la adquisici\u00f3n de las nuevas unidades y el anhelo de poder contar pr\u00f3ximamente con un cami\u00f3n cisterna y poder equipar con nuevas bombas a los existentes, \u201cdotar el destacamento de Gdor. Castro de su propio cisterna para incendios forestales, hacer una sala de capacitaci\u00f3n y una sala de usos m\u00faltiples, como as\u00ed tambi\u00e9n la ampliaci\u00f3n del destacamento\u201d, se\u00f1al\u00f3.    <\/p>\n<p>Por su parte, al momento de tomar la palabra el ex jefe de cuerpo y quien fuera presidente de la entidad, Comandante Mayor Marcelo Duarte, se refiri\u00f3 a la adquisici\u00f3n de la nueva unidad y la venta del m\u00f3vil que en el a\u00f1o 2013 lleg\u00f3 desde Canad\u00e1 por intermedio de la sampedrina Olga Ferrara. \u201cLe quiero pedir perd\u00f3n p\u00fablicamente a Olga Ferrara que se sinti\u00f3 ofendida por esta situaci\u00f3n, m\u00e1s all\u00e1 que fue la primera persona que se enter\u00f3 de la decisi\u00f3n que tom\u00f3 la comisi\u00f3n directiva\u201d<\/p>\n<p><iframe data-src=\"https:\/\/www.facebook.com\/plugins\/post.php?href=https%3A%2F%2Fwww.facebook.com%2Fmedia%2Fset%2F%3Fset%3Da.838592956349845.1073741948.419365371605941%26type%3D3&#038;width=500\" width=\"500\" height=\"669\" style=\"border:none;overflow:hidden\" scrolling=\"no\" frameborder=\"0\" allowTransparency=\"true\" allow=\"encrypted-media\" src=\"data:image\/svg+xml;base64,PHN2ZyB3aWR0aD0iMSIgaGVpZ2h0PSIxIiB4bWxucz0iaHR0cDovL3d3dy53My5vcmcvMjAwMC9zdmciPjwvc3ZnPg==\" class=\"lazyload\" data-load-mode=\"1\"><\/iframe><\/p>\n<p><iframe data-src=\"https:\/\/www.facebook.com\/plugins\/video.php?href=https%3A%2F%2Fwww.facebook.com%2Feldiario.desanpedro%2Fvideos%2F838115353064272%2F&#038;show_text=0&#038;width=560\" width=\"560\" height=\"315\" style=\"border:none;overflow:hidden\" scrolling=\"no\" frameborder=\"0\" allowTransparency=\"true\" allowFullScreen=\"true\" src=\"data:image\/svg+xml;base64,PHN2ZyB3aWR0aD0iMSIgaGVpZ2h0PSIxIiB4bWxucz0iaHR0cDovL3d3dy53My5vcmcvMjAwMC9zdmciPjwvc3ZnPg==\" class=\"lazyload\" data-load-mode=\"1\"><\/iframe><\/p>\n<p><iframe data-src=\"https:\/\/www.facebook.com\/plugins\/video.php?href=https%3A%2F%2Fwww.facebook.com%2Feldiario.desanpedro%2Fvideos%2F838147063061101%2F&#038;show_text=0&#038;width=560\" width=\"560\" height=\"315\" style=\"border:none;overflow:hidden\" scrolling=\"no\" frameborder=\"0\" allowTransparency=\"true\" allowFullScreen=\"true\" src=\"data:image\/svg+xml;base64,PHN2ZyB3aWR0aD0iMSIgaGVpZ2h0PSIxIiB4bWxucz0iaHR0cDovL3d3dy53My5vcmcvMjAwMC9zdmciPjwvc3ZnPg==\" class=\"lazyload\" data-load-mode=\"1\"><\/iframe><\/p>\n<p><iframe data-src=\"https:\/\/www.facebook.com\/plugins\/video.php?href=https%3A%2F%2Fwww.facebook.com%2Feldiario.desanpedro%2Fvideos%2F838155109726963%2F&#038;show_text=0&#038;width=560\" width=\"560\" height=\"315\" style=\"border:none;overflow:hidden\" scrolling=\"no\" frameborder=\"0\" allowTransparency=\"true\" allowFullScreen=\"true\" src=\"data:image\/svg+xml;base64,PHN2ZyB3aWR0aD0iMSIgaGVpZ2h0PSIxIiB4bWxucz0iaHR0cDovL3d3dy53My5vcmcvMjAwMC9zdmciPjwvc3ZnPg==\" class=\"lazyload\" data-load-mode=\"1\"><\/iframe><\/p>\n<p><iframe data-src=\"https:\/\/www.facebook.com\/plugins\/video.php?href=https%3A%2F%2Fwww.facebook.com%2Feldiario.desanpedro%2Fvideos%2F838166686392472%2F&#038;show_text=0&#038;width=560\" width=\"560\" height=\"315\" style=\"border:none;overflow:hidden\" scrolling=\"no\" frameborder=\"0\" allowTransparency=\"true\" allowFullScreen=\"true\" src=\"data:image\/svg+xml;base64,PHN2ZyB3aWR0aD0iMSIgaGVpZ2h0PSIxIiB4bWxucz0iaHR0cDovL3d3dy53My5vcmcvMjAwMC9zdmciPjwvc3ZnPg==\" class=\"lazyload\" data-load-mode=\"1\"><\/iframe><\/p>\n<p><iframe data-src=\"https:\/\/www.facebook.com\/plugins\/video.php?href=https%3A%2F%2Fwww.facebook.com%2Feldiario.desanpedro%2Fvideos%2F838177763058031%2F&#038;show_text=0&#038;width=560\" width=\"560\" height=\"315\" style=\"border:none;overflow:hidden\" scrolling=\"no\" frameborder=\"0\" allowTransparency=\"true\" allowFullScreen=\"true\" src=\"data:image\/svg+xml;base64,PHN2ZyB3aWR0aD0iMSIgaGVpZ2h0PSIxIiB4bWxucz0iaHR0cDovL3d3dy53My5vcmcvMjAwMC9zdmciPjwvc3ZnPg==\" class=\"lazyload\" data-load-mode=\"1\"><\/iframe><\/p>\n","protected":false},"excerpt":{"rendered":"<p>El cuartel central fue escenario del acto oficial. Hubo reconocimientos, sorpresas y la presentaci\u00f3n de nuevas unidades. Los Bomberos Voluntarios de San Pedro celebraron un a\u00f1o m\u00e1s de vida con un acto protocolar que se desarroll\u00f3 sobre las puertas del cuartel central. La celebraci\u00f3n reuni\u00f3 a quienes a lo largo de todos estos a\u00f1os colaboraron [&hellip;]<\/p>\n","protected":false},"author":4,"featured_media":38225,"comment_status":"open","ping_status":"closed","sticky":false,"template":"","format":"standard","meta":{"om_disable_all_campaigns":false,"_jetpack_memberships_contains_paid_content":false,"footnotes":""},"categories":[50,101,2],"tags":[],"class_list":["post-38224","post","type-post","status-publish","format-standard","has-post-thumbnail","hentry","category-destacadas","category-interes-general-locales","category-locales"],"aioseo_notices":[],"gutentor_comment":0,"jetpack_featured_media_url":"https:\/\/eldiariodesanpedro.com.ar\/sitio\/wp-content\/uploads\/2018\/08\/PAGINA-5.jpg","jetpack_shortlink":"https:\/\/wp.me\/p6RhLt-9Ww","jetpack_sharing_enabled":true,"_links":{"self":[{"href":"https:\/\/eldiariodesanpedro.com.ar\/sitio\/wp-json\/wp\/v2\/posts\/38224","targetHints":{"allow":["GET"]}}],"collection":[{"href":"https:\/\/eldiariodesanpedro.com.ar\/sitio\/wp-json\/wp\/v2\/posts"}],"about":[{"href":"https:\/\/eldiariodesanpedro.com.ar\/sitio\/wp-json\/wp\/v2\/types\/post"}],"author":[{"embeddable":true,"href":"https:\/\/eldiariodesanpedro.com.ar\/sitio\/wp-json\/wp\/v2\/users\/4"}],"replies":[{"embeddable":true,"href":"https:\/\/eldiariodesanpedro.com.ar\/sitio\/wp-json\/wp\/v2\/comments?post=38224"}],"version-history":[{"count":1,"href":"https:\/\/eldiariodesanpedro.com.ar\/sitio\/wp-json\/wp\/v2\/posts\/38224\/revisions"}],"predecessor-version":[{"id":38226,"href":"https:\/\/eldiariodesanpedro.com.ar\/sitio\/wp-json\/wp\/v2\/posts\/38224\/revisions\/38226"}],"wp:featuredmedia":[{"embeddable":true,"href":"https:\/\/eldiariodesanpedro.com.ar\/sitio\/wp-json\/wp\/v2\/media\/38225"}],"wp:attachment":[{"href":"https:\/\/eldiariodesanpedro.com.ar\/sitio\/wp-json\/wp\/v2\/media?parent=38224"}],"wp:term":[{"taxonomy":"category","embeddable":true,"href":"https:\/\/eldiariodesanpedro.com.ar\/sitio\/wp-json\/wp\/v2\/categories?post=38224"},{"taxonomy":"post_tag","embeddable":true,"href":"https:\/\/eldiariodesanpedro.com.ar\/sitio\/wp-json\/wp\/v2\/tags?post=38224"}],"curies":[{"name":"wp","href":"https:\/\/api.w.org\/{rel}","templated":true}]}}