{"id":38219,"date":"2018-08-12T19:27:46","date_gmt":"2018-08-12T22:27:46","guid":{"rendered":"https:\/\/eldiariodesanpedro.com.ar\/sitio\/?p=38219"},"modified":"2018-08-12T19:27:46","modified_gmt":"2018-08-12T22:27:46","slug":"el-museo-paleontologico-recupera-piezas-de-tres-mamiferos-fosiles","status":"publish","type":"post","link":"https:\/\/eldiariodesanpedro.com.ar\/sitio\/el-museo-paleontologico-recupera-piezas-de-tres-mamiferos-fosiles\/","title":{"rendered":"El Museo Paleontol\u00f3gico recupera piezas de tres mam\u00edferos f\u00f3siles"},"content":{"rendered":"<p><!-- VideographyWP Plugin Message: Automatic video embedding prevented by plugin options. --><br \/>\nUna recorrida del Grupo Conservacionista de F\u00f3siles por la zona de Bajo Campod\u00f3nico, arroj\u00f3 como resultado el descubrimiento de piezas fosilizadas de tres animales que habitaron la regi\u00f3n durante la edad Ensenadense, hace m\u00e1s de 500.000 a\u00f1os.<br \/>\nLos f\u00f3siles fueron observados por Jos\u00e9 Luis Aguilar, Mat\u00edas Swistun y Gabriel Tettamanti, en una cantera en actividad propiedad de la empresa Eligio Biscia e Hijos, en una capa sedimentaria ubicada a unos 7 metros del nivel de suelo actual.<br \/>\nEl descubrimiento fue realizado a metros de la Escuela N\u00ba 45 \u201cBajo de los F\u00f3siles\u201d, que justamente lleva ese nombre por los hallazgos del museo en esa zona.<\/p>\n<p>Qui\u00e9nes eran?<br \/>\nLas piezas recuperadas pertenecen a tres mam\u00edferos herb\u00edvoros, de diferentes aspectos y tama\u00f1os: un Toxodon, un armadillo gigante del g\u00e9nero Glyptodon y otro acorazado m\u00e1s peque\u00f1o del g\u00e9nero Neosclerocalyptus.<\/p>\n<p>Toxodon<br \/>\nSu aspecto era similar al de un rinoceronte actual, se alimentaba de hierbas, med\u00eda unos 3 metros de longitud y pesaba unas dos toneladas. Sus extremidades eran robustas para soportar el peso de su cuerpo y su boca pose\u00eda grandes incisivos para arrancar la vegetaci\u00f3n de la que se alimentaba. Se hall\u00f3 parte del maxilar superior con su dentici\u00f3n.<\/p>\n<p><img decoding=\"async\" data-attachment-id=\"38220\" data-permalink=\"https:\/\/eldiariodesanpedro.com.ar\/sitio\/el-museo-paleontologico-recupera-piezas-de-tres-mamiferos-fosiles\/pagina-4-dos-10\/\" data-orig-file=\"https:\/\/eldiariodesanpedro.com.ar\/sitio\/wp-content\/uploads\/2018\/08\/PAGINA-4-DOS.jpg\" data-orig-size=\"960,540\" data-comments-opened=\"1\" data-image-meta=\"{&quot;aperture&quot;:&quot;2&quot;,&quot;credit&quot;:&quot;&quot;,&quot;camera&quot;:&quot;LG-X230&quot;,&quot;caption&quot;:&quot;&quot;,&quot;created_timestamp&quot;:&quot;1534090891&quot;,&quot;copyright&quot;:&quot;&quot;,&quot;focal_length&quot;:&quot;3.5&quot;,&quot;iso&quot;:&quot;398&quot;,&quot;shutter_speed&quot;:&quot;0.049996&quot;,&quot;title&quot;:&quot;&quot;,&quot;orientation&quot;:&quot;1&quot;}\" data-image-title=\"PAGINA 4 DOS\" data-image-description=\"\" data-image-caption=\"\" data-large-file=\"https:\/\/eldiariodesanpedro.com.ar\/sitio\/wp-content\/uploads\/2018\/08\/PAGINA-4-DOS.jpg\" data-src=\"https:\/\/eldiariodesanpedro.com.ar\/sitio\/wp-content\/uploads\/2018\/08\/PAGINA-4-DOS.jpg\" alt=\"\" width=\"960\" height=\"540\" class=\"alignnone size-full wp-image-38220 lazyload\" data-srcset=\"https:\/\/eldiariodesanpedro.com.ar\/sitio\/wp-content\/uploads\/2018\/08\/PAGINA-4-DOS.jpg 960w, https:\/\/eldiariodesanpedro.com.ar\/sitio\/wp-content\/uploads\/2018\/08\/PAGINA-4-DOS-300x169.jpg 300w, https:\/\/eldiariodesanpedro.com.ar\/sitio\/wp-content\/uploads\/2018\/08\/PAGINA-4-DOS-768x432.jpg 768w\" data-sizes=\"(max-width: 960px) 100vw, 960px\" src=\"data:image\/svg+xml;base64,PHN2ZyB3aWR0aD0iMSIgaGVpZ2h0PSIxIiB4bWxucz0iaHR0cDovL3d3dy53My5vcmcvMjAwMC9zdmciPjwvc3ZnPg==\" style=\"--smush-placeholder-width: 960px; --smush-placeholder-aspect-ratio: 960\/540;\" \/><\/p>\n<p>Glyptodon<br \/>\n Este g\u00e9nero de grandes acorazados prehist\u00f3ricos comprend\u00eda diferentes especies que aparecieron en distintos momentos de nuestra prehistoria.<br \/>\nEran animales pesados, herb\u00edvoros y su cuerpo estaba protegido por una coraza que, en algunas especies llegaba a medir unos 5 cm de espesor. Pose\u00edan pezu\u00f1as fuertes y patas cortas y robustas. Sus colas estaban recubiertas por una sucesi\u00f3n de anillos conc\u00e9ntricos de intimidantes p\u00faas \u00f3seas. Se recuperaron fragmentos importantes de una coraza.<\/p>\n<p><img decoding=\"async\" data-attachment-id=\"38222\" data-permalink=\"https:\/\/eldiariodesanpedro.com.ar\/sitio\/el-museo-paleontologico-recupera-piezas-de-tres-mamiferos-fosiles\/pagina-4-uno-9\/\" data-orig-file=\"https:\/\/eldiariodesanpedro.com.ar\/sitio\/wp-content\/uploads\/2018\/08\/PAGINA-4-UNO.jpg\" data-orig-size=\"540,960\" data-comments-opened=\"1\" data-image-meta=\"{&quot;aperture&quot;:&quot;2&quot;,&quot;credit&quot;:&quot;&quot;,&quot;camera&quot;:&quot;LG-X230&quot;,&quot;caption&quot;:&quot;&quot;,&quot;created_timestamp&quot;:&quot;1534090856&quot;,&quot;copyright&quot;:&quot;&quot;,&quot;focal_length&quot;:&quot;3.5&quot;,&quot;iso&quot;:&quot;166&quot;,&quot;shutter_speed&quot;:&quot;0.029993&quot;,&quot;title&quot;:&quot;&quot;,&quot;orientation&quot;:&quot;1&quot;}\" data-image-title=\"PAGINA 4 UNO\" data-image-description=\"\" data-image-caption=\"\" data-large-file=\"https:\/\/eldiariodesanpedro.com.ar\/sitio\/wp-content\/uploads\/2018\/08\/PAGINA-4-UNO.jpg\" data-src=\"https:\/\/eldiariodesanpedro.com.ar\/sitio\/wp-content\/uploads\/2018\/08\/PAGINA-4-UNO.jpg\" alt=\"\" width=\"540\" height=\"960\" class=\"alignnone size-full wp-image-38222 lazyload\" data-srcset=\"https:\/\/eldiariodesanpedro.com.ar\/sitio\/wp-content\/uploads\/2018\/08\/PAGINA-4-UNO.jpg 540w, https:\/\/eldiariodesanpedro.com.ar\/sitio\/wp-content\/uploads\/2018\/08\/PAGINA-4-UNO-169x300.jpg 169w\" data-sizes=\"(max-width: 540px) 100vw, 540px\" src=\"data:image\/svg+xml;base64,PHN2ZyB3aWR0aD0iMSIgaGVpZ2h0PSIxIiB4bWxucz0iaHR0cDovL3d3dy53My5vcmcvMjAwMC9zdmciPjwvc3ZnPg==\" style=\"--smush-placeholder-width: 540px; --smush-placeholder-aspect-ratio: 540\/960;\" \/><\/p>\n<p>Neosclerocalyptus<br \/>\nFueron animales del grupo de los gliptodontes, aunque eran uno de los g\u00e9neros de menor tama\u00f1o. Sin embargo, su masa corporal era de unos 220 kilogramos, con una coraza de un cent\u00edmetro de espesor y un tubo caudal que comenzaba en anillos conc\u00e9ntricos y terminaba en una secci\u00f3n r\u00edgida. Med\u00edan alrededor de 1,80 metros de longitud. Se hallaron algunas placas insertas en una tosca muy dura. <\/p>\n<p><img decoding=\"async\" data-attachment-id=\"38221\" data-permalink=\"https:\/\/eldiariodesanpedro.com.ar\/sitio\/el-museo-paleontologico-recupera-piezas-de-tres-mamiferos-fosiles\/pagina-4-tres\/\" data-orig-file=\"https:\/\/eldiariodesanpedro.com.ar\/sitio\/wp-content\/uploads\/2018\/08\/PAGINA-4-TRES.jpg\" data-orig-size=\"540,960\" data-comments-opened=\"1\" data-image-meta=\"{&quot;aperture&quot;:&quot;2&quot;,&quot;credit&quot;:&quot;&quot;,&quot;camera&quot;:&quot;LG-X230&quot;,&quot;caption&quot;:&quot;&quot;,&quot;created_timestamp&quot;:&quot;1534090931&quot;,&quot;copyright&quot;:&quot;&quot;,&quot;focal_length&quot;:&quot;3.5&quot;,&quot;iso&quot;:&quot;170&quot;,&quot;shutter_speed&quot;:&quot;0.020005&quot;,&quot;title&quot;:&quot;&quot;,&quot;orientation&quot;:&quot;1&quot;}\" data-image-title=\"PAGINA 4 TRES\" data-image-description=\"\" data-image-caption=\"\" data-large-file=\"https:\/\/eldiariodesanpedro.com.ar\/sitio\/wp-content\/uploads\/2018\/08\/PAGINA-4-TRES.jpg\" data-src=\"https:\/\/eldiariodesanpedro.com.ar\/sitio\/wp-content\/uploads\/2018\/08\/PAGINA-4-TRES.jpg\" alt=\"\" width=\"540\" height=\"960\" class=\"alignnone size-full wp-image-38221 lazyload\" data-srcset=\"https:\/\/eldiariodesanpedro.com.ar\/sitio\/wp-content\/uploads\/2018\/08\/PAGINA-4-TRES.jpg 540w, https:\/\/eldiariodesanpedro.com.ar\/sitio\/wp-content\/uploads\/2018\/08\/PAGINA-4-TRES-169x300.jpg 169w\" data-sizes=\"(max-width: 540px) 100vw, 540px\" src=\"data:image\/svg+xml;base64,PHN2ZyB3aWR0aD0iMSIgaGVpZ2h0PSIxIiB4bWxucz0iaHR0cDovL3d3dy53My5vcmcvMjAwMC9zdmciPjwvc3ZnPg==\" style=\"--smush-placeholder-width: 540px; --smush-placeholder-aspect-ratio: 540\/960;\" \/><\/p>\n","protected":false},"excerpt":{"rendered":"<p>Una recorrida del Grupo Conservacionista de F\u00f3siles por la zona de Bajo Campod\u00f3nico, arroj\u00f3 como resultado el descubrimiento de piezas fosilizadas de tres animales que habitaron la regi\u00f3n durante la edad Ensenadense, hace m\u00e1s de 500.000 a\u00f1os. Los f\u00f3siles fueron observados por Jos\u00e9 Luis Aguilar, Mat\u00edas Swistun y Gabriel Tettamanti, en una cantera en actividad [&hellip;]<\/p>\n","protected":false},"author":4,"featured_media":38220,"comment_status":"open","ping_status":"closed","sticky":false,"template":"","format":"standard","meta":{"om_disable_all_campaigns":false,"_jetpack_memberships_contains_paid_content":false,"footnotes":""},"categories":[101,2],"tags":[],"class_list":["post-38219","post","type-post","status-publish","format-standard","has-post-thumbnail","hentry","category-interes-general-locales","category-locales"],"aioseo_notices":[],"gutentor_comment":0,"jetpack_featured_media_url":"https:\/\/eldiariodesanpedro.com.ar\/sitio\/wp-content\/uploads\/2018\/08\/PAGINA-4-DOS.jpg","jetpack_shortlink":"https:\/\/wp.me\/p6RhLt-9Wr","jetpack_sharing_enabled":true,"_links":{"self":[{"href":"https:\/\/eldiariodesanpedro.com.ar\/sitio\/wp-json\/wp\/v2\/posts\/38219","targetHints":{"allow":["GET"]}}],"collection":[{"href":"https:\/\/eldiariodesanpedro.com.ar\/sitio\/wp-json\/wp\/v2\/posts"}],"about":[{"href":"https:\/\/eldiariodesanpedro.com.ar\/sitio\/wp-json\/wp\/v2\/types\/post"}],"author":[{"embeddable":true,"href":"https:\/\/eldiariodesanpedro.com.ar\/sitio\/wp-json\/wp\/v2\/users\/4"}],"replies":[{"embeddable":true,"href":"https:\/\/eldiariodesanpedro.com.ar\/sitio\/wp-json\/wp\/v2\/comments?post=38219"}],"version-history":[{"count":1,"href":"https:\/\/eldiariodesanpedro.com.ar\/sitio\/wp-json\/wp\/v2\/posts\/38219\/revisions"}],"predecessor-version":[{"id":38223,"href":"https:\/\/eldiariodesanpedro.com.ar\/sitio\/wp-json\/wp\/v2\/posts\/38219\/revisions\/38223"}],"wp:featuredmedia":[{"embeddable":true,"href":"https:\/\/eldiariodesanpedro.com.ar\/sitio\/wp-json\/wp\/v2\/media\/38220"}],"wp:attachment":[{"href":"https:\/\/eldiariodesanpedro.com.ar\/sitio\/wp-json\/wp\/v2\/media?parent=38219"}],"wp:term":[{"taxonomy":"category","embeddable":true,"href":"https:\/\/eldiariodesanpedro.com.ar\/sitio\/wp-json\/wp\/v2\/categories?post=38219"},{"taxonomy":"post_tag","embeddable":true,"href":"https:\/\/eldiariodesanpedro.com.ar\/sitio\/wp-json\/wp\/v2\/tags?post=38219"}],"curies":[{"name":"wp","href":"https:\/\/api.w.org\/{rel}","templated":true}]}}