{"id":38217,"date":"2018-08-12T19:24:59","date_gmt":"2018-08-12T22:24:59","guid":{"rendered":"https:\/\/eldiariodesanpedro.com.ar\/sitio\/?p=38217"},"modified":"2018-08-12T19:24:59","modified_gmt":"2018-08-12T22:24:59","slug":"le-quiso-robar-y-como-no-tenia-nada-le-pego-un-puntazo","status":"publish","type":"post","link":"https:\/\/eldiariodesanpedro.com.ar\/sitio\/le-quiso-robar-y-como-no-tenia-nada-le-pego-un-puntazo\/","title":{"rendered":"Le quiso robar y como no tenia nada le pego un puntazo"},"content":{"rendered":"<p><!-- VideographyWP Plugin Message: Automatic video embedding prevented by plugin options. --><br \/>\nEste sabado denuncio un masculino de 17 a\u00f1os en la comisar\u00eda local quien fue asistido por su progenitor que ese d\u00eda momento en que se encontraba fuera de un cumplea\u00f1os, sobre v\u00eda p\u00fablica en intersecci\u00f3n de calle Javier Rivero y D\u00e1vila de ciudad es abordado por masculino a pie, cual le manifest\u00f3 que le entregue todo lo que ten\u00eda, d\u00e1ndole como respuesta que no pose\u00eda nada en ese momento y mismo portaba en sus manos un cuchillo con el que le arroja un puntazo provocando corte y luego se da a a la fuga.<\/p>\n","protected":false},"excerpt":{"rendered":"<p>Este sabado denuncio un masculino de 17 a\u00f1os en la comisar\u00eda local quien fue asistido por su progenitor que ese d\u00eda momento en que se encontraba fuera de un cumplea\u00f1os, sobre v\u00eda p\u00fablica en intersecci\u00f3n de calle Javier Rivero y D\u00e1vila de ciudad es abordado por masculino a pie, cual le manifest\u00f3 que le entregue [&hellip;]<\/p>\n","protected":false},"author":4,"featured_media":22537,"comment_status":"open","ping_status":"closed","sticky":false,"template":"","format":"standard","meta":{"om_disable_all_campaigns":false,"_jetpack_memberships_contains_paid_content":false,"footnotes":""},"categories":[2,103],"tags":[],"class_list":["post-38217","post","type-post","status-publish","format-standard","has-post-thumbnail","hentry","category-locales","category-policiales-locales"],"aioseo_notices":[],"gutentor_comment":0,"jetpack_featured_media_url":"https:\/\/eldiariodesanpedro.com.ar\/sitio\/wp-content\/uploads\/2017\/08\/ladron-arma-blanca.jpg","jetpack_shortlink":"https:\/\/wp.me\/p6RhLt-9Wp","jetpack_sharing_enabled":true,"_links":{"self":[{"href":"https:\/\/eldiariodesanpedro.com.ar\/sitio\/wp-json\/wp\/v2\/posts\/38217","targetHints":{"allow":["GET"]}}],"collection":[{"href":"https:\/\/eldiariodesanpedro.com.ar\/sitio\/wp-json\/wp\/v2\/posts"}],"about":[{"href":"https:\/\/eldiariodesanpedro.com.ar\/sitio\/wp-json\/wp\/v2\/types\/post"}],"author":[{"embeddable":true,"href":"https:\/\/eldiariodesanpedro.com.ar\/sitio\/wp-json\/wp\/v2\/users\/4"}],"replies":[{"embeddable":true,"href":"https:\/\/eldiariodesanpedro.com.ar\/sitio\/wp-json\/wp\/v2\/comments?post=38217"}],"version-history":[{"count":1,"href":"https:\/\/eldiariodesanpedro.com.ar\/sitio\/wp-json\/wp\/v2\/posts\/38217\/revisions"}],"predecessor-version":[{"id":38218,"href":"https:\/\/eldiariodesanpedro.com.ar\/sitio\/wp-json\/wp\/v2\/posts\/38217\/revisions\/38218"}],"wp:featuredmedia":[{"embeddable":true,"href":"https:\/\/eldiariodesanpedro.com.ar\/sitio\/wp-json\/wp\/v2\/media\/22537"}],"wp:attachment":[{"href":"https:\/\/eldiariodesanpedro.com.ar\/sitio\/wp-json\/wp\/v2\/media?parent=38217"}],"wp:term":[{"taxonomy":"category","embeddable":true,"href":"https:\/\/eldiariodesanpedro.com.ar\/sitio\/wp-json\/wp\/v2\/categories?post=38217"},{"taxonomy":"post_tag","embeddable":true,"href":"https:\/\/eldiariodesanpedro.com.ar\/sitio\/wp-json\/wp\/v2\/tags?post=38217"}],"curies":[{"name":"wp","href":"https:\/\/api.w.org\/{rel}","templated":true}]}}