{"id":38215,"date":"2018-08-12T19:22:34","date_gmt":"2018-08-12T22:22:34","guid":{"rendered":"https:\/\/eldiariodesanpedro.com.ar\/sitio\/?p=38215"},"modified":"2018-08-12T19:22:34","modified_gmt":"2018-08-12T22:22:34","slug":"dos-aprehendidos-por-tentativa-de-robo","status":"publish","type":"post","link":"https:\/\/eldiariodesanpedro.com.ar\/sitio\/dos-aprehendidos-por-tentativa-de-robo\/","title":{"rendered":"Dos aprehendidos por tentativa de robo"},"content":{"rendered":"<p><!-- VideographyWP Plugin Message: Automatic video embedding prevented by plugin options. --><br \/>\nEste s\u00e1bado el Personal Policial Procedi\u00f3 a la aprehensi\u00f3n de dos masculinos de 23 y 19 a\u00f1os con antecedentes, a ra\u00edz de que momentos antes hab\u00edan intentado cometer il\u00edcito en comercio de 25 de Mayo y Alvear a damnificados dos menores de edad en v\u00eda p\u00fablica tras intimidaci\u00f3n verbal intentan sustraer bicicleta a menores para luego intentar darse a la fuga, tras indicaciones de vecinos son detenidos a pocas cuadras del lugar infraganti intentando abrir autom\u00f3viles all\u00ed estacionados mediante la utilizaci\u00f3n de arma blanca siendo estos trasladados a la Comisar\u00eda. UFI N\u00b0 11, San Pedro, dispone notificaci\u00f3n por el delito de \u201ctentativa de robo\u201d a imputados alojado en eta hasta su remisi\u00f3n sede fiscal.<\/p>\n","protected":false},"excerpt":{"rendered":"<p>Este s\u00e1bado el Personal Policial Procedi\u00f3 a la aprehensi\u00f3n de dos masculinos de 23 y 19 a\u00f1os con antecedentes, a ra\u00edz de que momentos antes hab\u00edan intentado cometer il\u00edcito en comercio de 25 de Mayo y Alvear a damnificados dos menores de edad en v\u00eda p\u00fablica tras intimidaci\u00f3n verbal intentan sustraer bicicleta a menores para [&hellip;]<\/p>\n","protected":false},"author":4,"featured_media":30123,"comment_status":"open","ping_status":"closed","sticky":false,"template":"","format":"standard","meta":{"om_disable_all_campaigns":false,"_jetpack_memberships_contains_paid_content":false,"footnotes":""},"categories":[2,103],"tags":[],"class_list":["post-38215","post","type-post","status-publish","format-standard","has-post-thumbnail","hentry","category-locales","category-policiales-locales"],"aioseo_notices":[],"gutentor_comment":0,"jetpack_featured_media_url":"https:\/\/eldiariodesanpedro.com.ar\/sitio\/wp-content\/uploads\/2018\/03\/pareja-detenidos.jpg","jetpack_shortlink":"https:\/\/wp.me\/p6RhLt-9Wn","jetpack_sharing_enabled":true,"_links":{"self":[{"href":"https:\/\/eldiariodesanpedro.com.ar\/sitio\/wp-json\/wp\/v2\/posts\/38215","targetHints":{"allow":["GET"]}}],"collection":[{"href":"https:\/\/eldiariodesanpedro.com.ar\/sitio\/wp-json\/wp\/v2\/posts"}],"about":[{"href":"https:\/\/eldiariodesanpedro.com.ar\/sitio\/wp-json\/wp\/v2\/types\/post"}],"author":[{"embeddable":true,"href":"https:\/\/eldiariodesanpedro.com.ar\/sitio\/wp-json\/wp\/v2\/users\/4"}],"replies":[{"embeddable":true,"href":"https:\/\/eldiariodesanpedro.com.ar\/sitio\/wp-json\/wp\/v2\/comments?post=38215"}],"version-history":[{"count":1,"href":"https:\/\/eldiariodesanpedro.com.ar\/sitio\/wp-json\/wp\/v2\/posts\/38215\/revisions"}],"predecessor-version":[{"id":38216,"href":"https:\/\/eldiariodesanpedro.com.ar\/sitio\/wp-json\/wp\/v2\/posts\/38215\/revisions\/38216"}],"wp:featuredmedia":[{"embeddable":true,"href":"https:\/\/eldiariodesanpedro.com.ar\/sitio\/wp-json\/wp\/v2\/media\/30123"}],"wp:attachment":[{"href":"https:\/\/eldiariodesanpedro.com.ar\/sitio\/wp-json\/wp\/v2\/media?parent=38215"}],"wp:term":[{"taxonomy":"category","embeddable":true,"href":"https:\/\/eldiariodesanpedro.com.ar\/sitio\/wp-json\/wp\/v2\/categories?post=38215"},{"taxonomy":"post_tag","embeddable":true,"href":"https:\/\/eldiariodesanpedro.com.ar\/sitio\/wp-json\/wp\/v2\/tags?post=38215"}],"curies":[{"name":"wp","href":"https:\/\/api.w.org\/{rel}","templated":true}]}}