{"id":38213,"date":"2018-08-12T19:20:18","date_gmt":"2018-08-12T22:20:18","guid":{"rendered":"https:\/\/eldiariodesanpedro.com.ar\/sitio\/?p=38213"},"modified":"2018-08-12T19:20:18","modified_gmt":"2018-08-12T22:20:18","slug":"tres-aprehendidos-por-diferentes-hechos","status":"publish","type":"post","link":"https:\/\/eldiariodesanpedro.com.ar\/sitio\/tres-aprehendidos-por-diferentes-hechos\/","title":{"rendered":"Tres aprehendidos por diferentes hechos"},"content":{"rendered":"<p><!-- VideographyWP Plugin Message: Automatic video embedding prevented by plugin options. --><br \/>\nEste s\u00e1bado el personal policial de nuestra ciudad procede al traslado a la dependencia de un joven de 22 a\u00f1os, quien fue identificado en calle Mitre al 1600 que posee un pedido activo de paradero, solicitado por  UFI N\u00b0 11 de San Pedro, con fecha de alta 29 de mayo de 2015, promovida comunicaci\u00f3n UFI de turno N\u00b0 11, dispone: presentaci\u00f3n en sede judicial.<\/p>\n<p>Adem\u00e1s el mismo d\u00eda efectivos en marco operativo din\u00e1mico en mitre y Alvear, procedi\u00f3 a la interceptaci\u00f3n de femenina que se desplazaba conduciendo motocicleta tipo 110 cc, que registra pedido de secuestro activo desde el 16 de Mayo de 2015 por hecho de hurto, a requerimiento de la UFI N\u00ba 11. Veh\u00edculo secuestrado y femenina notificada de actuaciones.<\/p>\n<p>En la madrugada del domingo el personal conjuntamente con personal del G.A.D de San Nicol\u00e1s, en  Pellegrini y Arnaldo procedi\u00f3 a la aprehensi\u00f3n de un joven de 20 a\u00f1os oriundo de Baradero, quien al momento de ser identificado mostr\u00f3 resistencia e intentando agredir al personal Policial, procedi\u00e9ndose a su aprehensi\u00f3n y trasladados a dependencia. Mismo permanece alojado hasta remisi\u00f3n a fiscal\u00eda. <\/p>\n","protected":false},"excerpt":{"rendered":"<p>Este s\u00e1bado el personal policial de nuestra ciudad procede al traslado a la dependencia de un joven de 22 a\u00f1os, quien fue identificado en calle Mitre al 1600 que posee un pedido activo de paradero, solicitado por UFI N\u00b0 11 de San Pedro, con fecha de alta 29 de mayo de 2015, promovida comunicaci\u00f3n UFI [&hellip;]<\/p>\n","protected":false},"author":4,"featured_media":20446,"comment_status":"open","ping_status":"closed","sticky":false,"template":"","format":"standard","meta":{"om_disable_all_campaigns":false,"_jetpack_memberships_contains_paid_content":false,"footnotes":""},"categories":[2,103],"tags":[],"class_list":["post-38213","post","type-post","status-publish","format-standard","has-post-thumbnail","hentry","category-locales","category-policiales-locales"],"aioseo_notices":[],"gutentor_comment":0,"jetpack_featured_media_url":"https:\/\/eldiariodesanpedro.com.ar\/sitio\/wp-content\/uploads\/2017\/07\/detenido-3-1.jpg","jetpack_shortlink":"https:\/\/wp.me\/p6RhLt-9Wl","jetpack_sharing_enabled":true,"_links":{"self":[{"href":"https:\/\/eldiariodesanpedro.com.ar\/sitio\/wp-json\/wp\/v2\/posts\/38213","targetHints":{"allow":["GET"]}}],"collection":[{"href":"https:\/\/eldiariodesanpedro.com.ar\/sitio\/wp-json\/wp\/v2\/posts"}],"about":[{"href":"https:\/\/eldiariodesanpedro.com.ar\/sitio\/wp-json\/wp\/v2\/types\/post"}],"author":[{"embeddable":true,"href":"https:\/\/eldiariodesanpedro.com.ar\/sitio\/wp-json\/wp\/v2\/users\/4"}],"replies":[{"embeddable":true,"href":"https:\/\/eldiariodesanpedro.com.ar\/sitio\/wp-json\/wp\/v2\/comments?post=38213"}],"version-history":[{"count":1,"href":"https:\/\/eldiariodesanpedro.com.ar\/sitio\/wp-json\/wp\/v2\/posts\/38213\/revisions"}],"predecessor-version":[{"id":38214,"href":"https:\/\/eldiariodesanpedro.com.ar\/sitio\/wp-json\/wp\/v2\/posts\/38213\/revisions\/38214"}],"wp:featuredmedia":[{"embeddable":true,"href":"https:\/\/eldiariodesanpedro.com.ar\/sitio\/wp-json\/wp\/v2\/media\/20446"}],"wp:attachment":[{"href":"https:\/\/eldiariodesanpedro.com.ar\/sitio\/wp-json\/wp\/v2\/media?parent=38213"}],"wp:term":[{"taxonomy":"category","embeddable":true,"href":"https:\/\/eldiariodesanpedro.com.ar\/sitio\/wp-json\/wp\/v2\/categories?post=38213"},{"taxonomy":"post_tag","embeddable":true,"href":"https:\/\/eldiariodesanpedro.com.ar\/sitio\/wp-json\/wp\/v2\/tags?post=38213"}],"curies":[{"name":"wp","href":"https:\/\/api.w.org\/{rel}","templated":true}]}}