{"id":38211,"date":"2018-08-12T19:15:37","date_gmt":"2018-08-12T22:15:37","guid":{"rendered":"https:\/\/eldiariodesanpedro.com.ar\/sitio\/?p=38211"},"modified":"2018-08-12T19:15:37","modified_gmt":"2018-08-12T22:15:37","slug":"un-menor-de-edad-le-propino-3-puntadas-a-otro-joven","status":"publish","type":"post","link":"https:\/\/eldiariodesanpedro.com.ar\/sitio\/un-menor-de-edad-le-propino-3-puntadas-a-otro-joven\/","title":{"rendered":"Un menor de edad le propin\u00f3 3 puntadas a otro joven"},"content":{"rendered":"<p><!-- VideographyWP Plugin Message: Automatic video embedding prevented by plugin options. --><br \/>\nEn la madrugada de este domingo la polic\u00eda de nuestra ciudad toma conocimiento a trav\u00e9s del 911 de un herido arma blanca en calle Hermano Indio al 800, personal est\u00e1 constituido, ya herido hab\u00eda sido trasladado a nosocomio por 107, los efectivos se dirigieron hasta el mismo donde se estableci\u00f3 que la v\u00edctima de 26 a\u00f1os quien momentos antes circulaba por Belgrano y Boulevard Moreno fue interceptado por masculino menor de edad identificado con frondosos antecedentes quien abordo en una motocicleta quien desciende de la misma y le propina 3 puntazo en la zona costal ambos lados, y tras herirlo d\u00e1ndose a la fuga, la victima permanece en observaci\u00f3n en el hospital local. <\/p>\n","protected":false},"excerpt":{"rendered":"<p>En la madrugada de este domingo la polic\u00eda de nuestra ciudad toma conocimiento a trav\u00e9s del 911 de un herido arma blanca en calle Hermano Indio al 800, personal est\u00e1 constituido, ya herido hab\u00eda sido trasladado a nosocomio por 107, los efectivos se dirigieron hasta el mismo donde se estableci\u00f3 que la v\u00edctima de 26 [&hellip;]<\/p>\n","protected":false},"author":4,"featured_media":30409,"comment_status":"open","ping_status":"closed","sticky":false,"template":"","format":"standard","meta":{"om_disable_all_campaigns":false,"_jetpack_memberships_contains_paid_content":false,"footnotes":""},"categories":[2,103],"tags":[],"class_list":["post-38211","post","type-post","status-publish","format-standard","has-post-thumbnail","hentry","category-locales","category-policiales-locales"],"aioseo_notices":[],"gutentor_comment":0,"jetpack_featured_media_url":"https:\/\/eldiariodesanpedro.com.ar\/sitio\/wp-content\/uploads\/2018\/03\/detenido-arma-blanca.jpg","jetpack_shortlink":"https:\/\/wp.me\/p6RhLt-9Wj","jetpack_sharing_enabled":true,"_links":{"self":[{"href":"https:\/\/eldiariodesanpedro.com.ar\/sitio\/wp-json\/wp\/v2\/posts\/38211","targetHints":{"allow":["GET"]}}],"collection":[{"href":"https:\/\/eldiariodesanpedro.com.ar\/sitio\/wp-json\/wp\/v2\/posts"}],"about":[{"href":"https:\/\/eldiariodesanpedro.com.ar\/sitio\/wp-json\/wp\/v2\/types\/post"}],"author":[{"embeddable":true,"href":"https:\/\/eldiariodesanpedro.com.ar\/sitio\/wp-json\/wp\/v2\/users\/4"}],"replies":[{"embeddable":true,"href":"https:\/\/eldiariodesanpedro.com.ar\/sitio\/wp-json\/wp\/v2\/comments?post=38211"}],"version-history":[{"count":1,"href":"https:\/\/eldiariodesanpedro.com.ar\/sitio\/wp-json\/wp\/v2\/posts\/38211\/revisions"}],"predecessor-version":[{"id":38212,"href":"https:\/\/eldiariodesanpedro.com.ar\/sitio\/wp-json\/wp\/v2\/posts\/38211\/revisions\/38212"}],"wp:featuredmedia":[{"embeddable":true,"href":"https:\/\/eldiariodesanpedro.com.ar\/sitio\/wp-json\/wp\/v2\/media\/30409"}],"wp:attachment":[{"href":"https:\/\/eldiariodesanpedro.com.ar\/sitio\/wp-json\/wp\/v2\/media?parent=38211"}],"wp:term":[{"taxonomy":"category","embeddable":true,"href":"https:\/\/eldiariodesanpedro.com.ar\/sitio\/wp-json\/wp\/v2\/categories?post=38211"},{"taxonomy":"post_tag","embeddable":true,"href":"https:\/\/eldiariodesanpedro.com.ar\/sitio\/wp-json\/wp\/v2\/tags?post=38211"}],"curies":[{"name":"wp","href":"https:\/\/api.w.org\/{rel}","templated":true}]}}