{"id":38209,"date":"2018-08-12T19:13:15","date_gmt":"2018-08-12T22:13:15","guid":{"rendered":"https:\/\/eldiariodesanpedro.com.ar\/sitio\/?p=38209"},"modified":"2018-08-12T19:13:15","modified_gmt":"2018-08-12T22:13:15","slug":"nuevamente-motochorros-roban-a-una-mujer-en-a-via-publica","status":"publish","type":"post","link":"https:\/\/eldiariodesanpedro.com.ar\/sitio\/nuevamente-motochorros-roban-a-una-mujer-en-a-via-publica\/","title":{"rendered":"Nuevamente motochorros roban a una mujer en a v\u00eda p\u00fablica"},"content":{"rendered":"<p><!-- VideographyWP Plugin Message: Automatic video embedding prevented by plugin options. --><br \/>\nEste s\u00e1bado se recibi\u00f3 una denuncia en la comisar\u00eda local por parte de una mujer de 33 a\u00f1os, quien declara que el d\u00eda anterior siendo 12:30 hs aproximadamente momento en que se hallaba llegando a su domicilio en calle Ayacucho al 300 es abordada por dos masculinos, de donde el acompa\u00f1ante desciende de motocicleta 110cc. y le sustrae cartera en menci\u00f3n  elementos personales documentaci\u00f3n en general y se dan a la fuga afortunadamente sin provocar lesiones en la v\u00edctima.  <\/p>\n","protected":false},"excerpt":{"rendered":"<p>Este s\u00e1bado se recibi\u00f3 una denuncia en la comisar\u00eda local por parte de una mujer de 33 a\u00f1os, quien declara que el d\u00eda anterior siendo 12:30 hs aproximadamente momento en que se hallaba llegando a su domicilio en calle Ayacucho al 300 es abordada por dos masculinos, de donde el acompa\u00f1ante desciende de motocicleta 110cc. [&hellip;]<\/p>\n","protected":false},"author":4,"featured_media":16976,"comment_status":"open","ping_status":"closed","sticky":false,"template":"","format":"standard","meta":{"om_disable_all_campaigns":false,"_jetpack_memberships_contains_paid_content":false,"footnotes":""},"categories":[2,103],"tags":[],"class_list":["post-38209","post","type-post","status-publish","format-standard","has-post-thumbnail","hentry","category-locales","category-policiales-locales"],"aioseo_notices":[],"gutentor_comment":0,"jetpack_featured_media_url":"https:\/\/eldiariodesanpedro.com.ar\/sitio\/wp-content\/uploads\/2017\/04\/DSC_0002-e1496323008397.jpg","jetpack_shortlink":"https:\/\/wp.me\/p6RhLt-9Wh","jetpack_sharing_enabled":true,"_links":{"self":[{"href":"https:\/\/eldiariodesanpedro.com.ar\/sitio\/wp-json\/wp\/v2\/posts\/38209","targetHints":{"allow":["GET"]}}],"collection":[{"href":"https:\/\/eldiariodesanpedro.com.ar\/sitio\/wp-json\/wp\/v2\/posts"}],"about":[{"href":"https:\/\/eldiariodesanpedro.com.ar\/sitio\/wp-json\/wp\/v2\/types\/post"}],"author":[{"embeddable":true,"href":"https:\/\/eldiariodesanpedro.com.ar\/sitio\/wp-json\/wp\/v2\/users\/4"}],"replies":[{"embeddable":true,"href":"https:\/\/eldiariodesanpedro.com.ar\/sitio\/wp-json\/wp\/v2\/comments?post=38209"}],"version-history":[{"count":1,"href":"https:\/\/eldiariodesanpedro.com.ar\/sitio\/wp-json\/wp\/v2\/posts\/38209\/revisions"}],"predecessor-version":[{"id":38210,"href":"https:\/\/eldiariodesanpedro.com.ar\/sitio\/wp-json\/wp\/v2\/posts\/38209\/revisions\/38210"}],"wp:featuredmedia":[{"embeddable":true,"href":"https:\/\/eldiariodesanpedro.com.ar\/sitio\/wp-json\/wp\/v2\/media\/16976"}],"wp:attachment":[{"href":"https:\/\/eldiariodesanpedro.com.ar\/sitio\/wp-json\/wp\/v2\/media?parent=38209"}],"wp:term":[{"taxonomy":"category","embeddable":true,"href":"https:\/\/eldiariodesanpedro.com.ar\/sitio\/wp-json\/wp\/v2\/categories?post=38209"},{"taxonomy":"post_tag","embeddable":true,"href":"https:\/\/eldiariodesanpedro.com.ar\/sitio\/wp-json\/wp\/v2\/tags?post=38209"}],"curies":[{"name":"wp","href":"https:\/\/api.w.org\/{rel}","templated":true}]}}