{"id":38197,"date":"2018-08-12T18:59:45","date_gmt":"2018-08-12T21:59:45","guid":{"rendered":"https:\/\/eldiariodesanpedro.com.ar\/sitio\/?p=38197"},"modified":"2018-08-12T18:59:45","modified_gmt":"2018-08-12T21:59:45","slug":"un-nuevo-accidente-donde-se-ve-involucrada-una-motocicleta","status":"publish","type":"post","link":"https:\/\/eldiariodesanpedro.com.ar\/sitio\/un-nuevo-accidente-donde-se-ve-involucrada-una-motocicleta\/","title":{"rendered":"Un nuevo accidente donde se ve involucrada una motocicleta"},"content":{"rendered":"<p><!-- VideographyWP Plugin Message: Automatic video embedding prevented by plugin options. --><br \/>\nEste s\u00e1bado se produjo accidente de tr\u00e1nsito en la intersecci\u00f3n de las calles Independencia y An\u00edbal de Ant\u00f3n, donde por razones se tratan de establecer colisionan camioneta marca Chevrolet guiado por un hombre de 44 a\u00f1os, con motocicleta marca Honda conducida por masculino de 30 a\u00f1os.<\/p>\n<p>Como consecuencias, secuestro ambos rodados conductor motocicleta trasladado a hospital local presentando lesiones leves.  <\/p>\n","protected":false},"excerpt":{"rendered":"<p>Este s\u00e1bado se produjo accidente de tr\u00e1nsito en la intersecci\u00f3n de las calles Independencia y An\u00edbal de Ant\u00f3n, donde por razones se tratan de establecer colisionan camioneta marca Chevrolet guiado por un hombre de 44 a\u00f1os, con motocicleta marca Honda conducida por masculino de 30 a\u00f1os. Como consecuencias, secuestro ambos rodados conductor motocicleta trasladado a [&hellip;]<\/p>\n","protected":false},"author":4,"featured_media":25808,"comment_status":"open","ping_status":"closed","sticky":false,"template":"","format":"standard","meta":{"om_disable_all_campaigns":false,"_jetpack_memberships_contains_paid_content":false,"footnotes":""},"categories":[2,103],"tags":[],"class_list":["post-38197","post","type-post","status-publish","format-standard","has-post-thumbnail","hentry","category-locales","category-policiales-locales"],"aioseo_notices":[],"gutentor_comment":0,"jetpack_featured_media_url":"https:\/\/eldiariodesanpedro.com.ar\/sitio\/wp-content\/uploads\/2017\/11\/Los-accidentados-fueron-derivados-a-la-Guardia.jpg","jetpack_shortlink":"https:\/\/wp.me\/p6RhLt-9W5","jetpack_sharing_enabled":true,"_links":{"self":[{"href":"https:\/\/eldiariodesanpedro.com.ar\/sitio\/wp-json\/wp\/v2\/posts\/38197","targetHints":{"allow":["GET"]}}],"collection":[{"href":"https:\/\/eldiariodesanpedro.com.ar\/sitio\/wp-json\/wp\/v2\/posts"}],"about":[{"href":"https:\/\/eldiariodesanpedro.com.ar\/sitio\/wp-json\/wp\/v2\/types\/post"}],"author":[{"embeddable":true,"href":"https:\/\/eldiariodesanpedro.com.ar\/sitio\/wp-json\/wp\/v2\/users\/4"}],"replies":[{"embeddable":true,"href":"https:\/\/eldiariodesanpedro.com.ar\/sitio\/wp-json\/wp\/v2\/comments?post=38197"}],"version-history":[{"count":1,"href":"https:\/\/eldiariodesanpedro.com.ar\/sitio\/wp-json\/wp\/v2\/posts\/38197\/revisions"}],"predecessor-version":[{"id":38198,"href":"https:\/\/eldiariodesanpedro.com.ar\/sitio\/wp-json\/wp\/v2\/posts\/38197\/revisions\/38198"}],"wp:featuredmedia":[{"embeddable":true,"href":"https:\/\/eldiariodesanpedro.com.ar\/sitio\/wp-json\/wp\/v2\/media\/25808"}],"wp:attachment":[{"href":"https:\/\/eldiariodesanpedro.com.ar\/sitio\/wp-json\/wp\/v2\/media?parent=38197"}],"wp:term":[{"taxonomy":"category","embeddable":true,"href":"https:\/\/eldiariodesanpedro.com.ar\/sitio\/wp-json\/wp\/v2\/categories?post=38197"},{"taxonomy":"post_tag","embeddable":true,"href":"https:\/\/eldiariodesanpedro.com.ar\/sitio\/wp-json\/wp\/v2\/tags?post=38197"}],"curies":[{"name":"wp","href":"https:\/\/api.w.org\/{rel}","templated":true}]}}