{"id":38194,"date":"2018-08-12T17:04:47","date_gmt":"2018-08-12T20:04:47","guid":{"rendered":"https:\/\/eldiariodesanpedro.com.ar\/sitio\/?p=38194"},"modified":"2018-08-12T17:04:47","modified_gmt":"2018-08-12T20:04:47","slug":"guillermo-sancho-presente-en-el-encuentro-regional-de-medicina-intercultural-en-vicente-lopez","status":"publish","type":"post","link":"https:\/\/eldiariodesanpedro.com.ar\/sitio\/guillermo-sancho-presente-en-el-encuentro-regional-de-medicina-intercultural-en-vicente-lopez\/","title":{"rendered":"Guillermo Sancho presente en el Encuentro Regional de Medicina Intercultural en Vicente L\u00f3pez"},"content":{"rendered":"<p><!-- VideographyWP Plugin Message: Automatic video embedding prevented by plugin options. --><br \/>\nEl Secretario de Salud, Dr. Guillermo Sancho acompa\u00f1ado de la Cacique Clara Romero y la concejal Ver\u00f3nica L\u00f3pez participaron del Primer Encuentro de Medicina Intercultural organizado por la Regi\u00f3n Sanitaria V en el Hospital Bernardo Houssay de Vicente L\u00f3pez. <\/p>\n<p>El Ministerio de Salud de la Provincia de Buenos Aires comenz\u00f3 a implementar un Programa de Salud y Pueblos Ind\u00edgenas con el prop\u00f3sito de generar un intercambio y un espacio de di\u00e1logo entre la medicina occidental y la ancestral. <\/p>\n<p>Durante las charlas y debates participaron M\u00e9dicos Ancestrales Ind\u00edgenas MTSI (Mesa T\u00e9cnica de Salud Ind\u00edgena de la Provincia de Buenos Aires), M\u00e9dicos del Hospital Vicente L\u00f3pez, representantes del Programa de Salud del Ministerio de Salud de la Pcia. de Buenos Aires y de la Secretaria de Salud del Municipio de Vicente L\u00f3pez.<\/p>\n<p>El objetivo de estos encuentros que continuar\u00e1n en diferentes regiones sanitarias de la provincia es elaborar estrategias y crear espacios de trabajo conjunto que permitan un complemento de los participantes en sus saberes y sus pr\u00e1cticas para alcanzar un Servicio de Salud inclusivo e integrativo para todos los sectores de la Comunidad.<\/p>\n<p>As\u00ed como desde San Pedro realiz\u00f3 su aporte la Cacique Clara Romero representando a la comunidad Qom, fueron parte de este interesante encuentro  representantes Quechuas, Mapuches y Guaran\u00edes entre otros.<\/p>\n","protected":false},"excerpt":{"rendered":"<p>El Secretario de Salud, Dr. Guillermo Sancho acompa\u00f1ado de la Cacique Clara Romero y la concejal Ver\u00f3nica L\u00f3pez participaron del Primer Encuentro de Medicina Intercultural organizado por la Regi\u00f3n Sanitaria V en el Hospital Bernardo Houssay de Vicente L\u00f3pez. El Ministerio de Salud de la Provincia de Buenos Aires comenz\u00f3 a implementar un Programa de [&hellip;]<\/p>\n","protected":false},"author":4,"featured_media":38195,"comment_status":"open","ping_status":"closed","sticky":false,"template":"","format":"standard","meta":{"om_disable_all_campaigns":false,"_jetpack_memberships_contains_paid_content":false,"footnotes":""},"categories":[101,2],"tags":[],"class_list":["post-38194","post","type-post","status-publish","format-standard","has-post-thumbnail","hentry","category-interes-general-locales","category-locales"],"aioseo_notices":[],"gutentor_comment":0,"jetpack_featured_media_url":"https:\/\/eldiariodesanpedro.com.ar\/sitio\/wp-content\/uploads\/2018\/08\/pastedImage-3.png","jetpack_shortlink":"https:\/\/wp.me\/p6RhLt-9W2","jetpack_sharing_enabled":true,"_links":{"self":[{"href":"https:\/\/eldiariodesanpedro.com.ar\/sitio\/wp-json\/wp\/v2\/posts\/38194","targetHints":{"allow":["GET"]}}],"collection":[{"href":"https:\/\/eldiariodesanpedro.com.ar\/sitio\/wp-json\/wp\/v2\/posts"}],"about":[{"href":"https:\/\/eldiariodesanpedro.com.ar\/sitio\/wp-json\/wp\/v2\/types\/post"}],"author":[{"embeddable":true,"href":"https:\/\/eldiariodesanpedro.com.ar\/sitio\/wp-json\/wp\/v2\/users\/4"}],"replies":[{"embeddable":true,"href":"https:\/\/eldiariodesanpedro.com.ar\/sitio\/wp-json\/wp\/v2\/comments?post=38194"}],"version-history":[{"count":1,"href":"https:\/\/eldiariodesanpedro.com.ar\/sitio\/wp-json\/wp\/v2\/posts\/38194\/revisions"}],"predecessor-version":[{"id":38196,"href":"https:\/\/eldiariodesanpedro.com.ar\/sitio\/wp-json\/wp\/v2\/posts\/38194\/revisions\/38196"}],"wp:featuredmedia":[{"embeddable":true,"href":"https:\/\/eldiariodesanpedro.com.ar\/sitio\/wp-json\/wp\/v2\/media\/38195"}],"wp:attachment":[{"href":"https:\/\/eldiariodesanpedro.com.ar\/sitio\/wp-json\/wp\/v2\/media?parent=38194"}],"wp:term":[{"taxonomy":"category","embeddable":true,"href":"https:\/\/eldiariodesanpedro.com.ar\/sitio\/wp-json\/wp\/v2\/categories?post=38194"},{"taxonomy":"post_tag","embeddable":true,"href":"https:\/\/eldiariodesanpedro.com.ar\/sitio\/wp-json\/wp\/v2\/tags?post=38194"}],"curies":[{"name":"wp","href":"https:\/\/api.w.org\/{rel}","templated":true}]}}