{"id":38166,"date":"2018-08-11T10:19:27","date_gmt":"2018-08-11T13:19:27","guid":{"rendered":"https:\/\/eldiariodesanpedro.com.ar\/sitio\/?p=38166"},"modified":"2018-08-11T10:19:27","modified_gmt":"2018-08-11T13:19:27","slug":"san-nicolas-secuestro-de-droga-y-balas-en-un-domicilio","status":"publish","type":"post","link":"https:\/\/eldiariodesanpedro.com.ar\/sitio\/san-nicolas-secuestro-de-droga-y-balas-en-un-domicilio\/","title":{"rendered":"San Nicol\u00e1s: Secuestro de droga y balas en un domicilio"},"content":{"rendered":"<p><!-- VideographyWP Plugin Message: Automatic video embedding prevented by plugin options. --><\/p>\n<div class=\"panels-flexible-region panels-flexible-region-2-center panels-flexible-region-first grid_6 offset_1 col1\">\n<div class=\"inside panels-flexible-region-inside panels-flexible-region-2-center-inside panels-flexible-region-inside-first\">\n<div class=\"panel-pane pane-entity-field pane-node-field-noticia-bajada-volanta\">\n<div class=\"pane-content\">\n<div class=\"field field-name-field-noticia-bajada-volanta field-type-text-long field-label-hidden\">\n<div class=\"field-items\">\n<div class=\"field-item even\">Personal del Comando Patrulla y Polic\u00eda Local efectuaron dos \u00f3rdenes de allanamiento en San Nicol\u00e1s.<\/div>\n<\/div>\n<\/div>\n<\/div>\n<\/div>\n<div><\/div>\n<div class=\"panel-separator\">Una de las diligencias se concret\u00f3 en una vivienda de calle S\u00e1enz sin numeraci\u00f3n donde se procedi\u00f3 a la aprehensi\u00f3n de un hombre de 33 a\u00f1os y al secuestro de cuatro plantines de marihuana, un envoltorio con 5 gramos de la misma sustancia, y varios proyectiles de diferente calibre.<\/div>\n<div class=\"panel-pane pane-entity-field pane-node-body\">\n<div class=\"pane-content\">\n<div class=\"field field-name-body field-type-text-with-summary field-label-hidden\">\n<div class=\"field-items\">\n<div class=\"field-item even\">\n<p>El segundo objetivo fue en calle Urquiza al 552 donde el resultado fue negativo.<\/p>\n<p>Fuente:\u00a0 Diario El informante<\/p>\n<\/div>\n<\/div>\n<\/div>\n<\/div>\n<\/div>\n<\/div>\n<\/div>\n<div class=\"panels-flexible-region panels-flexible-region-2-complementos panels-flexible-region-last grid_4 col2\">\n<div class=\"inside panels-flexible-region-inside panels-flexible-region-2-complementos-inside panels-flexible-region-inside-last\">\n<div class=\"panel-pane pane-entity-field pane-node-field-noticia-localidad\">\n<h2 class=\"pane-title\"><\/h2>\n<div class=\"pane-content\">\n<div class=\"field field-name-field-noticia-localidad field-type-taxonomy-term-reference field-label-hidden\">\n<div class=\"field-items\">\n<div class=\"field-item even\"><\/div>\n<\/div>\n<\/div>\n<\/div>\n<\/div>\n<\/div>\n<\/div>\n","protected":false},"excerpt":{"rendered":"<p>Personal del Comando Patrulla y Polic\u00eda Local efectuaron dos \u00f3rdenes de allanamiento en San Nicol\u00e1s. Una de las diligencias se concret\u00f3 en una vivienda de calle S\u00e1enz sin numeraci\u00f3n donde se procedi\u00f3 a la aprehensi\u00f3n de un hombre de 33 a\u00f1os y al secuestro de cuatro plantines de marihuana, un envoltorio con 5 gramos de [&hellip;]<\/p>\n","protected":false},"author":4,"featured_media":38167,"comment_status":"open","ping_status":"closed","sticky":false,"template":"","format":"standard","meta":{"om_disable_all_campaigns":false,"_jetpack_memberships_contains_paid_content":false,"footnotes":""},"categories":[621],"tags":[],"class_list":["post-38166","post","type-post","status-publish","format-standard","has-post-thumbnail","hentry","category-regionales"],"aioseo_notices":[],"gutentor_comment":0,"jetpack_featured_media_url":"https:\/\/eldiariodesanpedro.com.ar\/sitio\/wp-content\/uploads\/2018\/08\/nop1ckhtebak1ffv571n8gsck1n881.jpg","jetpack_shortlink":"https:\/\/wp.me\/p6RhLt-9VA","jetpack_sharing_enabled":true,"_links":{"self":[{"href":"https:\/\/eldiariodesanpedro.com.ar\/sitio\/wp-json\/wp\/v2\/posts\/38166","targetHints":{"allow":["GET"]}}],"collection":[{"href":"https:\/\/eldiariodesanpedro.com.ar\/sitio\/wp-json\/wp\/v2\/posts"}],"about":[{"href":"https:\/\/eldiariodesanpedro.com.ar\/sitio\/wp-json\/wp\/v2\/types\/post"}],"author":[{"embeddable":true,"href":"https:\/\/eldiariodesanpedro.com.ar\/sitio\/wp-json\/wp\/v2\/users\/4"}],"replies":[{"embeddable":true,"href":"https:\/\/eldiariodesanpedro.com.ar\/sitio\/wp-json\/wp\/v2\/comments?post=38166"}],"version-history":[{"count":1,"href":"https:\/\/eldiariodesanpedro.com.ar\/sitio\/wp-json\/wp\/v2\/posts\/38166\/revisions"}],"predecessor-version":[{"id":38168,"href":"https:\/\/eldiariodesanpedro.com.ar\/sitio\/wp-json\/wp\/v2\/posts\/38166\/revisions\/38168"}],"wp:featuredmedia":[{"embeddable":true,"href":"https:\/\/eldiariodesanpedro.com.ar\/sitio\/wp-json\/wp\/v2\/media\/38167"}],"wp:attachment":[{"href":"https:\/\/eldiariodesanpedro.com.ar\/sitio\/wp-json\/wp\/v2\/media?parent=38166"}],"wp:term":[{"taxonomy":"category","embeddable":true,"href":"https:\/\/eldiariodesanpedro.com.ar\/sitio\/wp-json\/wp\/v2\/categories?post=38166"},{"taxonomy":"post_tag","embeddable":true,"href":"https:\/\/eldiariodesanpedro.com.ar\/sitio\/wp-json\/wp\/v2\/tags?post=38166"}],"curies":[{"name":"wp","href":"https:\/\/api.w.org\/{rel}","templated":true}]}}