{"id":38158,"date":"2018-08-11T09:37:51","date_gmt":"2018-08-11T12:37:51","guid":{"rendered":"https:\/\/eldiariodesanpedro.com.ar\/sitio\/?p=38158"},"modified":"2018-08-11T09:39:31","modified_gmt":"2018-08-11T12:39:31","slug":"baradero-operativo-al-narcomenudeo-pantera-blanca","status":"publish","type":"post","link":"https:\/\/eldiariodesanpedro.com.ar\/sitio\/baradero-operativo-al-narcomenudeo-pantera-blanca\/","title":{"rendered":"BARADERO: Operativo al Narcomenudeo  \u00abPantera Blanca\u00bb"},"content":{"rendered":"<p><!-- VideographyWP Plugin Message: Automatic video embedding prevented by plugin options. --><br \/>\nEn horas de la tarde de este jueves, personal de la delegaci\u00f3n de investigaciones del tr\u00e1fico de drogas il\u00edcitas y crimen organizado San Nicol\u00e1s, realiz\u00f3 el mismo conjuntamente con el ayudante fiscal en materia de estupefacientes tematizado en la materia Dr. Gustavo Telesco, con la direcci\u00f3n de la Sra. Agente Fiscal Dra. Mar\u00eda Ver\u00f3nica Marcantonio del Dpto. judicial San Nicol\u00e1s.<span id=\"more-71646\"><\/span><\/p>\n<p>Tras una intensa investigaci\u00f3n se logr\u00f3 detectar la actividad il\u00edcita de venta de estupefacientes al menudeo por parte de un individuo conocido como \u201cel Pantera\u201d. Lo realizaba desde su domicilio y utilizando a un amigo realizaba la venta de coca\u00edna en la modalidad de delivery.<\/p>\n<p>La delegaci\u00f3n de drogas il\u00edcitas concret\u00f3 dos allanamientos uno en calle Godoy Cruz 1700 y otro en calle Serrano S\/N, de esta localidad, obteniendo resultados altamente positivos.<\/p>\n<p>Se logr\u00f3 el secuestro de m\u00e1s de 30 gramos de coca\u00edna fraccionada lista para su venta, 4700 pesos en efectivo y tel\u00e9fonos celulares. Como as\u00ed innumerables recortes de nylon, com\u00fanmente utilizados para almacenar la droga en peque\u00f1as dosis.<\/p>\n<p>En los procedimientos se logr\u00f3 la aprehensi\u00f3n del principal investigado Luis Alberto D\u00edaz alias Pantera de 51 a\u00f1os de edad, como as\u00ed del ciudadano Jos\u00e9 Nicol\u00e1s Onoprijezuk, de 34 a\u00f1os, el cual hab\u00eda arribado al domicilio de D\u00edaz en una motocicleta.<\/p>\n<p>A \u00e9ste \u00faltimo se le secuestr\u00f3 en sus pertenencias envoltorios con coca\u00edna y dinero en efectivo. Ante los elementos secuestrados la se\u00f1ora agente fiscal dispuso la inmediata aprehensi\u00f3n de los nombrados y su traslado a primera audiencia fines recibirle declaraci\u00f3n en los t\u00e9rminos del Art\u00edculo<br \/>\n308 del CPP.<\/p>\n<p>Cabe resaltar que en el a\u00f1o 2017, esta misma persona fue investigado por venta de estupefacientes y allanado su domicilio.<\/p>\n<p>Fuente: Tu Linea Directa<\/p>\n<p><img decoding=\"async\" data-attachment-id=\"38159\" data-permalink=\"https:\/\/eldiariodesanpedro.com.ar\/sitio\/baradero-operativo-al-narcomenudeo-pantera-blanca\/baradero-narcomenudeo\/\" data-orig-file=\"https:\/\/eldiariodesanpedro.com.ar\/sitio\/wp-content\/uploads\/2018\/08\/BARADERO-NARCOMENUDEO.jpeg\" data-orig-size=\"768,1280\" data-comments-opened=\"1\" data-image-meta=\"{&quot;aperture&quot;:&quot;0&quot;,&quot;credit&quot;:&quot;&quot;,&quot;camera&quot;:&quot;&quot;,&quot;caption&quot;:&quot;&quot;,&quot;created_timestamp&quot;:&quot;0&quot;,&quot;copyright&quot;:&quot;&quot;,&quot;focal_length&quot;:&quot;0&quot;,&quot;iso&quot;:&quot;0&quot;,&quot;shutter_speed&quot;:&quot;0&quot;,&quot;title&quot;:&quot;&quot;,&quot;orientation&quot;:&quot;0&quot;}\" data-image-title=\"BARADERO NARCOMENUDEO\" data-image-description=\"\" data-image-caption=\"\" data-large-file=\"https:\/\/eldiariodesanpedro.com.ar\/sitio\/wp-content\/uploads\/2018\/08\/BARADERO-NARCOMENUDEO-614x1024.jpeg\" class=\"alignnone size-large wp-image-38159 lazyload\" data-src=\"https:\/\/eldiariodesanpedro.com.ar\/sitio\/wp-content\/uploads\/2018\/08\/BARADERO-NARCOMENUDEO-614x1024.jpeg\" alt=\"\" width=\"614\" height=\"1024\" data-srcset=\"https:\/\/eldiariodesanpedro.com.ar\/sitio\/wp-content\/uploads\/2018\/08\/BARADERO-NARCOMENUDEO-614x1024.jpeg 614w, https:\/\/eldiariodesanpedro.com.ar\/sitio\/wp-content\/uploads\/2018\/08\/BARADERO-NARCOMENUDEO-180x300.jpeg 180w, https:\/\/eldiariodesanpedro.com.ar\/sitio\/wp-content\/uploads\/2018\/08\/BARADERO-NARCOMENUDEO.jpeg 768w\" data-sizes=\"(max-width: 614px) 100vw, 614px\" src=\"data:image\/svg+xml;base64,PHN2ZyB3aWR0aD0iMSIgaGVpZ2h0PSIxIiB4bWxucz0iaHR0cDovL3d3dy53My5vcmcvMjAwMC9zdmciPjwvc3ZnPg==\" style=\"--smush-placeholder-width: 614px; --smush-placeholder-aspect-ratio: 614\/1024;\" \/> <img decoding=\"async\" data-attachment-id=\"38160\" data-permalink=\"https:\/\/eldiariodesanpedro.com.ar\/sitio\/baradero-operativo-al-narcomenudeo-pantera-blanca\/baradero-narcomenudeo2\/\" data-orig-file=\"https:\/\/eldiariodesanpedro.com.ar\/sitio\/wp-content\/uploads\/2018\/08\/BARADERO-NARCOMENUDEO2.jpeg\" data-orig-size=\"768,1280\" data-comments-opened=\"1\" data-image-meta=\"{&quot;aperture&quot;:&quot;0&quot;,&quot;credit&quot;:&quot;&quot;,&quot;camera&quot;:&quot;&quot;,&quot;caption&quot;:&quot;&quot;,&quot;created_timestamp&quot;:&quot;0&quot;,&quot;copyright&quot;:&quot;&quot;,&quot;focal_length&quot;:&quot;0&quot;,&quot;iso&quot;:&quot;0&quot;,&quot;shutter_speed&quot;:&quot;0&quot;,&quot;title&quot;:&quot;&quot;,&quot;orientation&quot;:&quot;0&quot;}\" data-image-title=\"BARADERO NARCOMENUDEO2\" data-image-description=\"\" data-image-caption=\"\" data-large-file=\"https:\/\/eldiariodesanpedro.com.ar\/sitio\/wp-content\/uploads\/2018\/08\/BARADERO-NARCOMENUDEO2-614x1024.jpeg\" class=\"alignnone size-large wp-image-38160 lazyload\" data-src=\"https:\/\/eldiariodesanpedro.com.ar\/sitio\/wp-content\/uploads\/2018\/08\/BARADERO-NARCOMENUDEO2-614x1024.jpeg\" alt=\"\" width=\"614\" height=\"1024\" data-srcset=\"https:\/\/eldiariodesanpedro.com.ar\/sitio\/wp-content\/uploads\/2018\/08\/BARADERO-NARCOMENUDEO2-614x1024.jpeg 614w, https:\/\/eldiariodesanpedro.com.ar\/sitio\/wp-content\/uploads\/2018\/08\/BARADERO-NARCOMENUDEO2-180x300.jpeg 180w, https:\/\/eldiariodesanpedro.com.ar\/sitio\/wp-content\/uploads\/2018\/08\/BARADERO-NARCOMENUDEO2.jpeg 768w\" data-sizes=\"(max-width: 614px) 100vw, 614px\" src=\"data:image\/svg+xml;base64,PHN2ZyB3aWR0aD0iMSIgaGVpZ2h0PSIxIiB4bWxucz0iaHR0cDovL3d3dy53My5vcmcvMjAwMC9zdmciPjwvc3ZnPg==\" style=\"--smush-placeholder-width: 614px; --smush-placeholder-aspect-ratio: 614\/1024;\" \/> <img decoding=\"async\" data-attachment-id=\"38161\" data-permalink=\"https:\/\/eldiariodesanpedro.com.ar\/sitio\/baradero-operativo-al-narcomenudeo-pantera-blanca\/baradero-narcomenudeo3\/\" data-orig-file=\"https:\/\/eldiariodesanpedro.com.ar\/sitio\/wp-content\/uploads\/2018\/08\/BARADERO-NARCOMENUDEO3.jpeg\" data-orig-size=\"768,1280\" data-comments-opened=\"1\" data-image-meta=\"{&quot;aperture&quot;:&quot;0&quot;,&quot;credit&quot;:&quot;&quot;,&quot;camera&quot;:&quot;&quot;,&quot;caption&quot;:&quot;&quot;,&quot;created_timestamp&quot;:&quot;0&quot;,&quot;copyright&quot;:&quot;&quot;,&quot;focal_length&quot;:&quot;0&quot;,&quot;iso&quot;:&quot;0&quot;,&quot;shutter_speed&quot;:&quot;0&quot;,&quot;title&quot;:&quot;&quot;,&quot;orientation&quot;:&quot;0&quot;}\" data-image-title=\"BARADERO NARCOMENUDEO3\" data-image-description=\"\" data-image-caption=\"\" data-large-file=\"https:\/\/eldiariodesanpedro.com.ar\/sitio\/wp-content\/uploads\/2018\/08\/BARADERO-NARCOMENUDEO3-614x1024.jpeg\" class=\"alignnone size-large wp-image-38161 lazyload\" data-src=\"https:\/\/eldiariodesanpedro.com.ar\/sitio\/wp-content\/uploads\/2018\/08\/BARADERO-NARCOMENUDEO3-614x1024.jpeg\" alt=\"\" width=\"614\" height=\"1024\" data-srcset=\"https:\/\/eldiariodesanpedro.com.ar\/sitio\/wp-content\/uploads\/2018\/08\/BARADERO-NARCOMENUDEO3-614x1024.jpeg 614w, https:\/\/eldiariodesanpedro.com.ar\/sitio\/wp-content\/uploads\/2018\/08\/BARADERO-NARCOMENUDEO3-180x300.jpeg 180w, https:\/\/eldiariodesanpedro.com.ar\/sitio\/wp-content\/uploads\/2018\/08\/BARADERO-NARCOMENUDEO3.jpeg 768w\" data-sizes=\"(max-width: 614px) 100vw, 614px\" src=\"data:image\/svg+xml;base64,PHN2ZyB3aWR0aD0iMSIgaGVpZ2h0PSIxIiB4bWxucz0iaHR0cDovL3d3dy53My5vcmcvMjAwMC9zdmciPjwvc3ZnPg==\" style=\"--smush-placeholder-width: 614px; --smush-placeholder-aspect-ratio: 614\/1024;\" \/> <img decoding=\"async\" data-attachment-id=\"38162\" data-permalink=\"https:\/\/eldiariodesanpedro.com.ar\/sitio\/baradero-operativo-al-narcomenudeo-pantera-blanca\/baradero-narcomenudeo4\/\" data-orig-file=\"https:\/\/eldiariodesanpedro.com.ar\/sitio\/wp-content\/uploads\/2018\/08\/BARADERO-NARCOMENUDEO4.jpeg\" data-orig-size=\"768,1280\" data-comments-opened=\"1\" data-image-meta=\"{&quot;aperture&quot;:&quot;0&quot;,&quot;credit&quot;:&quot;&quot;,&quot;camera&quot;:&quot;&quot;,&quot;caption&quot;:&quot;&quot;,&quot;created_timestamp&quot;:&quot;0&quot;,&quot;copyright&quot;:&quot;&quot;,&quot;focal_length&quot;:&quot;0&quot;,&quot;iso&quot;:&quot;0&quot;,&quot;shutter_speed&quot;:&quot;0&quot;,&quot;title&quot;:&quot;&quot;,&quot;orientation&quot;:&quot;0&quot;}\" data-image-title=\"BARADERO NARCOMENUDEO4\" data-image-description=\"\" data-image-caption=\"\" data-large-file=\"https:\/\/eldiariodesanpedro.com.ar\/sitio\/wp-content\/uploads\/2018\/08\/BARADERO-NARCOMENUDEO4-614x1024.jpeg\" class=\"alignnone size-large wp-image-38162 lazyload\" data-src=\"https:\/\/eldiariodesanpedro.com.ar\/sitio\/wp-content\/uploads\/2018\/08\/BARADERO-NARCOMENUDEO4-614x1024.jpeg\" alt=\"\" width=\"614\" height=\"1024\" data-srcset=\"https:\/\/eldiariodesanpedro.com.ar\/sitio\/wp-content\/uploads\/2018\/08\/BARADERO-NARCOMENUDEO4-614x1024.jpeg 614w, https:\/\/eldiariodesanpedro.com.ar\/sitio\/wp-content\/uploads\/2018\/08\/BARADERO-NARCOMENUDEO4-180x300.jpeg 180w, https:\/\/eldiariodesanpedro.com.ar\/sitio\/wp-content\/uploads\/2018\/08\/BARADERO-NARCOMENUDEO4.jpeg 768w\" data-sizes=\"(max-width: 614px) 100vw, 614px\" src=\"data:image\/svg+xml;base64,PHN2ZyB3aWR0aD0iMSIgaGVpZ2h0PSIxIiB4bWxucz0iaHR0cDovL3d3dy53My5vcmcvMjAwMC9zdmciPjwvc3ZnPg==\" style=\"--smush-placeholder-width: 614px; --smush-placeholder-aspect-ratio: 614\/1024;\" \/> <img decoding=\"async\" data-attachment-id=\"38163\" data-permalink=\"https:\/\/eldiariodesanpedro.com.ar\/sitio\/baradero-operativo-al-narcomenudeo-pantera-blanca\/detenidos-baradero\/\" data-orig-file=\"https:\/\/eldiariodesanpedro.com.ar\/sitio\/wp-content\/uploads\/2018\/08\/DETENIDOS-BARADERO.jpeg\" data-orig-size=\"1280,768\" data-comments-opened=\"1\" data-image-meta=\"{&quot;aperture&quot;:&quot;0&quot;,&quot;credit&quot;:&quot;&quot;,&quot;camera&quot;:&quot;&quot;,&quot;caption&quot;:&quot;&quot;,&quot;created_timestamp&quot;:&quot;0&quot;,&quot;copyright&quot;:&quot;&quot;,&quot;focal_length&quot;:&quot;0&quot;,&quot;iso&quot;:&quot;0&quot;,&quot;shutter_speed&quot;:&quot;0&quot;,&quot;title&quot;:&quot;&quot;,&quot;orientation&quot;:&quot;0&quot;}\" data-image-title=\"DETENIDOS BARADERO\" data-image-description=\"\" data-image-caption=\"\" data-large-file=\"https:\/\/eldiariodesanpedro.com.ar\/sitio\/wp-content\/uploads\/2018\/08\/DETENIDOS-BARADERO-1024x614.jpeg\" class=\"alignnone size-large wp-image-38163 lazyload\" data-src=\"https:\/\/eldiariodesanpedro.com.ar\/sitio\/wp-content\/uploads\/2018\/08\/DETENIDOS-BARADERO-1024x614.jpeg\" alt=\"\" width=\"660\" height=\"396\" data-srcset=\"https:\/\/eldiariodesanpedro.com.ar\/sitio\/wp-content\/uploads\/2018\/08\/DETENIDOS-BARADERO-1024x614.jpeg 1024w, https:\/\/eldiariodesanpedro.com.ar\/sitio\/wp-content\/uploads\/2018\/08\/DETENIDOS-BARADERO-300x180.jpeg 300w, https:\/\/eldiariodesanpedro.com.ar\/sitio\/wp-content\/uploads\/2018\/08\/DETENIDOS-BARADERO-768x461.jpeg 768w, https:\/\/eldiariodesanpedro.com.ar\/sitio\/wp-content\/uploads\/2018\/08\/DETENIDOS-BARADERO.jpeg 1280w\" data-sizes=\"(max-width: 660px) 100vw, 660px\" src=\"data:image\/svg+xml;base64,PHN2ZyB3aWR0aD0iMSIgaGVpZ2h0PSIxIiB4bWxucz0iaHR0cDovL3d3dy53My5vcmcvMjAwMC9zdmciPjwvc3ZnPg==\" style=\"--smush-placeholder-width: 660px; --smush-placeholder-aspect-ratio: 660\/396;\" \/><\/p>\n<p>&nbsp;<\/p>\n<p>&nbsp;<\/p>\n","protected":false},"excerpt":{"rendered":"<p>En horas de la tarde de este jueves, personal de la delegaci\u00f3n de investigaciones del tr\u00e1fico de drogas il\u00edcitas y crimen organizado San Nicol\u00e1s, realiz\u00f3 el mismo conjuntamente con el ayudante fiscal en materia de estupefacientes tematizado en la materia Dr. Gustavo Telesco, con la direcci\u00f3n de la Sra. Agente Fiscal Dra. Mar\u00eda Ver\u00f3nica Marcantonio [&hellip;]<\/p>\n","protected":false},"author":4,"featured_media":38164,"comment_status":"open","ping_status":"closed","sticky":false,"template":"","format":"standard","meta":{"om_disable_all_campaigns":false,"_jetpack_memberships_contains_paid_content":false,"footnotes":""},"categories":[621],"tags":[],"class_list":["post-38158","post","type-post","status-publish","format-standard","has-post-thumbnail","hentry","category-regionales"],"aioseo_notices":[],"gutentor_comment":0,"jetpack_featured_media_url":"https:\/\/eldiariodesanpedro.com.ar\/sitio\/wp-content\/uploads\/2018\/08\/BARADERO-NARCOMENUDEO4-1.jpeg","jetpack_shortlink":"https:\/\/wp.me\/p6RhLt-9Vs","jetpack_sharing_enabled":true,"_links":{"self":[{"href":"https:\/\/eldiariodesanpedro.com.ar\/sitio\/wp-json\/wp\/v2\/posts\/38158","targetHints":{"allow":["GET"]}}],"collection":[{"href":"https:\/\/eldiariodesanpedro.com.ar\/sitio\/wp-json\/wp\/v2\/posts"}],"about":[{"href":"https:\/\/eldiariodesanpedro.com.ar\/sitio\/wp-json\/wp\/v2\/types\/post"}],"author":[{"embeddable":true,"href":"https:\/\/eldiariodesanpedro.com.ar\/sitio\/wp-json\/wp\/v2\/users\/4"}],"replies":[{"embeddable":true,"href":"https:\/\/eldiariodesanpedro.com.ar\/sitio\/wp-json\/wp\/v2\/comments?post=38158"}],"version-history":[{"count":1,"href":"https:\/\/eldiariodesanpedro.com.ar\/sitio\/wp-json\/wp\/v2\/posts\/38158\/revisions"}],"predecessor-version":[{"id":38165,"href":"https:\/\/eldiariodesanpedro.com.ar\/sitio\/wp-json\/wp\/v2\/posts\/38158\/revisions\/38165"}],"wp:featuredmedia":[{"embeddable":true,"href":"https:\/\/eldiariodesanpedro.com.ar\/sitio\/wp-json\/wp\/v2\/media\/38164"}],"wp:attachment":[{"href":"https:\/\/eldiariodesanpedro.com.ar\/sitio\/wp-json\/wp\/v2\/media?parent=38158"}],"wp:term":[{"taxonomy":"category","embeddable":true,"href":"https:\/\/eldiariodesanpedro.com.ar\/sitio\/wp-json\/wp\/v2\/categories?post=38158"},{"taxonomy":"post_tag","embeddable":true,"href":"https:\/\/eldiariodesanpedro.com.ar\/sitio\/wp-json\/wp\/v2\/tags?post=38158"}],"curies":[{"name":"wp","href":"https:\/\/api.w.org\/{rel}","templated":true}]}}