{"id":38152,"date":"2018-08-11T09:26:03","date_gmt":"2018-08-11T12:26:03","guid":{"rendered":"https:\/\/eldiariodesanpedro.com.ar\/sitio\/?p=38152"},"modified":"2018-08-11T09:26:03","modified_gmt":"2018-08-11T12:26:03","slug":"arrecifes-operativo-del-narcomenudeo-la-colorada","status":"publish","type":"post","link":"https:\/\/eldiariodesanpedro.com.ar\/sitio\/arrecifes-operativo-del-narcomenudeo-la-colorada\/","title":{"rendered":"ARRECIFES: Operativo del narcomenudeo \u00abLa Colorada\u00bb"},"content":{"rendered":"<p><!-- VideographyWP Plugin Message: Automatic video embedding prevented by plugin options. --><br \/>\nTras una intensa investigaci\u00f3n desplegada por la Secretar\u00eda de Seguridad de la Municipalidad de Arrecifes, a cargo del Dr. Jos\u00e9 Mar\u00eda Tenorio; la Delegaci\u00f3n Departamental de Investigaciones del Trafico de Drogas Il\u00edcitas y Crimen Organizado de San Nicol\u00e1s ( DDITDI Y CO), a cargo del comisario mayor Mario Demaestri, y la Fiscal\u00eda tematizada a cargo del Dr. Patricio Mugica Diaz, se lograron reunir importantes elementos de prueba respecto de dos domicilios de Arrecifes donde se vend\u00edan drogas al menudeo.<\/p>\n<p>As\u00ed, este mi\u00e9rcoles se concretaron allanamientos en calle Santiago H. P\u00e9rez 1142 y en calle Yugoslavia 215, procedi\u00e9ndose al secuestro de numerosos envoltorios de marihuana listo para su comercializaci\u00f3n, coca\u00edna fraccionada, tel\u00e9fonos celulares, balanzas de precisi\u00f3n y dinero en efectivo, acredit\u00e1ndose plenamente los hechos investigados.<\/p>\n<p>En estos operativos se detuvo a las personas investigadas, identificadas como Yanina Herrera (35), Rom\u00e1n Nu\u00f1ez (20) y Gustavo Villa (23), todos domiciliados en Arrecifes. Los tres quedaron detenidos a la espera de ser indagados por la Fiscal\u00eda actuante. Se prosigue con las investigaciones.<\/p>\n<p><img decoding=\"async\" data-attachment-id=\"38156\" data-permalink=\"https:\/\/eldiariodesanpedro.com.ar\/sitio\/arrecifes-operativo-del-narcomenudeo-la-colorada\/narcomenudeo-arrecifes3\/\" data-orig-file=\"https:\/\/eldiariodesanpedro.com.ar\/sitio\/wp-content\/uploads\/2018\/08\/narcomenudeo-arrecifes3.jpeg\" data-orig-size=\"585,1040\" data-comments-opened=\"1\" data-image-meta=\"{&quot;aperture&quot;:&quot;0&quot;,&quot;credit&quot;:&quot;&quot;,&quot;camera&quot;:&quot;&quot;,&quot;caption&quot;:&quot;&quot;,&quot;created_timestamp&quot;:&quot;0&quot;,&quot;copyright&quot;:&quot;&quot;,&quot;focal_length&quot;:&quot;0&quot;,&quot;iso&quot;:&quot;0&quot;,&quot;shutter_speed&quot;:&quot;0&quot;,&quot;title&quot;:&quot;&quot;,&quot;orientation&quot;:&quot;0&quot;}\" data-image-title=\"narcomenudeo arrecifes3\" data-image-description=\"\" data-image-caption=\"\" data-large-file=\"https:\/\/eldiariodesanpedro.com.ar\/sitio\/wp-content\/uploads\/2018\/08\/narcomenudeo-arrecifes3-576x1024.jpeg\" class=\"alignnone size-large wp-image-38156 lazyload\" data-src=\"https:\/\/eldiariodesanpedro.com.ar\/sitio\/wp-content\/uploads\/2018\/08\/narcomenudeo-arrecifes3-576x1024.jpeg\" alt=\"\" width=\"576\" height=\"1024\" data-srcset=\"https:\/\/eldiariodesanpedro.com.ar\/sitio\/wp-content\/uploads\/2018\/08\/narcomenudeo-arrecifes3-576x1024.jpeg 576w, https:\/\/eldiariodesanpedro.com.ar\/sitio\/wp-content\/uploads\/2018\/08\/narcomenudeo-arrecifes3-169x300.jpeg 169w, https:\/\/eldiariodesanpedro.com.ar\/sitio\/wp-content\/uploads\/2018\/08\/narcomenudeo-arrecifes3.jpeg 585w\" data-sizes=\"(max-width: 576px) 100vw, 576px\" src=\"data:image\/svg+xml;base64,PHN2ZyB3aWR0aD0iMSIgaGVpZ2h0PSIxIiB4bWxucz0iaHR0cDovL3d3dy53My5vcmcvMjAwMC9zdmciPjwvc3ZnPg==\" style=\"--smush-placeholder-width: 576px; --smush-placeholder-aspect-ratio: 576\/1024;\" \/><\/p>\n<p><img decoding=\"async\" data-attachment-id=\"38155\" data-permalink=\"https:\/\/eldiariodesanpedro.com.ar\/sitio\/arrecifes-operativo-del-narcomenudeo-la-colorada\/narcomenudeo-arrecifes2\/\" data-orig-file=\"https:\/\/eldiariodesanpedro.com.ar\/sitio\/wp-content\/uploads\/2018\/08\/narcomenudeo-arrecifes2.jpeg\" data-orig-size=\"768,1280\" data-comments-opened=\"1\" data-image-meta=\"{&quot;aperture&quot;:&quot;0&quot;,&quot;credit&quot;:&quot;&quot;,&quot;camera&quot;:&quot;&quot;,&quot;caption&quot;:&quot;&quot;,&quot;created_timestamp&quot;:&quot;0&quot;,&quot;copyright&quot;:&quot;&quot;,&quot;focal_length&quot;:&quot;0&quot;,&quot;iso&quot;:&quot;0&quot;,&quot;shutter_speed&quot;:&quot;0&quot;,&quot;title&quot;:&quot;&quot;,&quot;orientation&quot;:&quot;0&quot;}\" data-image-title=\"narcomenudeo arrecifes2\" data-image-description=\"\" data-image-caption=\"\" data-large-file=\"https:\/\/eldiariodesanpedro.com.ar\/sitio\/wp-content\/uploads\/2018\/08\/narcomenudeo-arrecifes2-614x1024.jpeg\" class=\"alignnone size-large wp-image-38155 lazyload\" data-src=\"https:\/\/eldiariodesanpedro.com.ar\/sitio\/wp-content\/uploads\/2018\/08\/narcomenudeo-arrecifes2-614x1024.jpeg\" alt=\"\" width=\"614\" height=\"1024\" data-srcset=\"https:\/\/eldiariodesanpedro.com.ar\/sitio\/wp-content\/uploads\/2018\/08\/narcomenudeo-arrecifes2-614x1024.jpeg 614w, https:\/\/eldiariodesanpedro.com.ar\/sitio\/wp-content\/uploads\/2018\/08\/narcomenudeo-arrecifes2-180x300.jpeg 180w, https:\/\/eldiariodesanpedro.com.ar\/sitio\/wp-content\/uploads\/2018\/08\/narcomenudeo-arrecifes2.jpeg 768w\" data-sizes=\"(max-width: 614px) 100vw, 614px\" src=\"data:image\/svg+xml;base64,PHN2ZyB3aWR0aD0iMSIgaGVpZ2h0PSIxIiB4bWxucz0iaHR0cDovL3d3dy53My5vcmcvMjAwMC9zdmciPjwvc3ZnPg==\" style=\"--smush-placeholder-width: 614px; --smush-placeholder-aspect-ratio: 614\/1024;\" \/><\/p>\n<p><img decoding=\"async\" data-attachment-id=\"38154\" data-permalink=\"https:\/\/eldiariodesanpedro.com.ar\/sitio\/arrecifes-operativo-del-narcomenudeo-la-colorada\/narcomenudeo-arrecifes\/\" data-orig-file=\"https:\/\/eldiariodesanpedro.com.ar\/sitio\/wp-content\/uploads\/2018\/08\/narcomenudeo-arrecifes.jpeg\" data-orig-size=\"768,1280\" data-comments-opened=\"1\" data-image-meta=\"{&quot;aperture&quot;:&quot;0&quot;,&quot;credit&quot;:&quot;&quot;,&quot;camera&quot;:&quot;&quot;,&quot;caption&quot;:&quot;&quot;,&quot;created_timestamp&quot;:&quot;0&quot;,&quot;copyright&quot;:&quot;&quot;,&quot;focal_length&quot;:&quot;0&quot;,&quot;iso&quot;:&quot;0&quot;,&quot;shutter_speed&quot;:&quot;0&quot;,&quot;title&quot;:&quot;&quot;,&quot;orientation&quot;:&quot;0&quot;}\" data-image-title=\"narcomenudeo arrecifes\" data-image-description=\"\" data-image-caption=\"\" data-large-file=\"https:\/\/eldiariodesanpedro.com.ar\/sitio\/wp-content\/uploads\/2018\/08\/narcomenudeo-arrecifes-614x1024.jpeg\" class=\"alignnone size-large wp-image-38154 lazyload\" data-src=\"https:\/\/eldiariodesanpedro.com.ar\/sitio\/wp-content\/uploads\/2018\/08\/narcomenudeo-arrecifes-614x1024.jpeg\" alt=\"\" width=\"614\" height=\"1024\" data-srcset=\"https:\/\/eldiariodesanpedro.com.ar\/sitio\/wp-content\/uploads\/2018\/08\/narcomenudeo-arrecifes-614x1024.jpeg 614w, https:\/\/eldiariodesanpedro.com.ar\/sitio\/wp-content\/uploads\/2018\/08\/narcomenudeo-arrecifes-180x300.jpeg 180w, https:\/\/eldiariodesanpedro.com.ar\/sitio\/wp-content\/uploads\/2018\/08\/narcomenudeo-arrecifes.jpeg 768w\" data-sizes=\"(max-width: 614px) 100vw, 614px\" src=\"data:image\/svg+xml;base64,PHN2ZyB3aWR0aD0iMSIgaGVpZ2h0PSIxIiB4bWxucz0iaHR0cDovL3d3dy53My5vcmcvMjAwMC9zdmciPjwvc3ZnPg==\" style=\"--smush-placeholder-width: 614px; --smush-placeholder-aspect-ratio: 614\/1024;\" \/><\/p>\n<p><img decoding=\"async\" data-attachment-id=\"38153\" data-permalink=\"https:\/\/eldiariodesanpedro.com.ar\/sitio\/arrecifes-operativo-del-narcomenudeo-la-colorada\/detenidos-arrecifes\/\" data-orig-file=\"https:\/\/eldiariodesanpedro.com.ar\/sitio\/wp-content\/uploads\/2018\/08\/detenidos-arrecifes.jpeg\" data-orig-size=\"1280,768\" data-comments-opened=\"1\" data-image-meta=\"{&quot;aperture&quot;:&quot;0&quot;,&quot;credit&quot;:&quot;&quot;,&quot;camera&quot;:&quot;&quot;,&quot;caption&quot;:&quot;&quot;,&quot;created_timestamp&quot;:&quot;0&quot;,&quot;copyright&quot;:&quot;&quot;,&quot;focal_length&quot;:&quot;0&quot;,&quot;iso&quot;:&quot;0&quot;,&quot;shutter_speed&quot;:&quot;0&quot;,&quot;title&quot;:&quot;&quot;,&quot;orientation&quot;:&quot;0&quot;}\" data-image-title=\"detenidos arrecifes\" data-image-description=\"\" data-image-caption=\"\" data-large-file=\"https:\/\/eldiariodesanpedro.com.ar\/sitio\/wp-content\/uploads\/2018\/08\/detenidos-arrecifes-1024x614.jpeg\" class=\"alignnone size-large wp-image-38153 alignleft lazyload\" data-src=\"https:\/\/eldiariodesanpedro.com.ar\/sitio\/wp-content\/uploads\/2018\/08\/detenidos-arrecifes-1024x614.jpeg\" alt=\"\" width=\"660\" height=\"396\" data-srcset=\"https:\/\/eldiariodesanpedro.com.ar\/sitio\/wp-content\/uploads\/2018\/08\/detenidos-arrecifes-1024x614.jpeg 1024w, https:\/\/eldiariodesanpedro.com.ar\/sitio\/wp-content\/uploads\/2018\/08\/detenidos-arrecifes-300x180.jpeg 300w, https:\/\/eldiariodesanpedro.com.ar\/sitio\/wp-content\/uploads\/2018\/08\/detenidos-arrecifes-768x461.jpeg 768w, https:\/\/eldiariodesanpedro.com.ar\/sitio\/wp-content\/uploads\/2018\/08\/detenidos-arrecifes.jpeg 1280w\" data-sizes=\"(max-width: 660px) 100vw, 660px\" src=\"data:image\/svg+xml;base64,PHN2ZyB3aWR0aD0iMSIgaGVpZ2h0PSIxIiB4bWxucz0iaHR0cDovL3d3dy53My5vcmcvMjAwMC9zdmciPjwvc3ZnPg==\" style=\"--smush-placeholder-width: 660px; --smush-placeholder-aspect-ratio: 660\/396;\" \/><\/p>\n","protected":false},"excerpt":{"rendered":"<p>Tras una intensa investigaci\u00f3n desplegada por la Secretar\u00eda de Seguridad de la Municipalidad de Arrecifes, a cargo del Dr. Jos\u00e9 Mar\u00eda Tenorio; la Delegaci\u00f3n Departamental de Investigaciones del Trafico de Drogas Il\u00edcitas y Crimen Organizado de San Nicol\u00e1s ( DDITDI Y CO), a cargo del comisario mayor Mario Demaestri, y la Fiscal\u00eda tematizada a cargo [&hellip;]<\/p>\n","protected":false},"author":4,"featured_media":38153,"comment_status":"open","ping_status":"closed","sticky":false,"template":"","format":"standard","meta":{"om_disable_all_campaigns":false,"_jetpack_memberships_contains_paid_content":false,"footnotes":""},"categories":[621],"tags":[],"class_list":["post-38152","post","type-post","status-publish","format-standard","has-post-thumbnail","hentry","category-regionales"],"aioseo_notices":[],"gutentor_comment":0,"jetpack_featured_media_url":"https:\/\/eldiariodesanpedro.com.ar\/sitio\/wp-content\/uploads\/2018\/08\/detenidos-arrecifes.jpeg","jetpack_shortlink":"https:\/\/wp.me\/p6RhLt-9Vm","jetpack_sharing_enabled":true,"_links":{"self":[{"href":"https:\/\/eldiariodesanpedro.com.ar\/sitio\/wp-json\/wp\/v2\/posts\/38152","targetHints":{"allow":["GET"]}}],"collection":[{"href":"https:\/\/eldiariodesanpedro.com.ar\/sitio\/wp-json\/wp\/v2\/posts"}],"about":[{"href":"https:\/\/eldiariodesanpedro.com.ar\/sitio\/wp-json\/wp\/v2\/types\/post"}],"author":[{"embeddable":true,"href":"https:\/\/eldiariodesanpedro.com.ar\/sitio\/wp-json\/wp\/v2\/users\/4"}],"replies":[{"embeddable":true,"href":"https:\/\/eldiariodesanpedro.com.ar\/sitio\/wp-json\/wp\/v2\/comments?post=38152"}],"version-history":[{"count":1,"href":"https:\/\/eldiariodesanpedro.com.ar\/sitio\/wp-json\/wp\/v2\/posts\/38152\/revisions"}],"predecessor-version":[{"id":38157,"href":"https:\/\/eldiariodesanpedro.com.ar\/sitio\/wp-json\/wp\/v2\/posts\/38152\/revisions\/38157"}],"wp:featuredmedia":[{"embeddable":true,"href":"https:\/\/eldiariodesanpedro.com.ar\/sitio\/wp-json\/wp\/v2\/media\/38153"}],"wp:attachment":[{"href":"https:\/\/eldiariodesanpedro.com.ar\/sitio\/wp-json\/wp\/v2\/media?parent=38152"}],"wp:term":[{"taxonomy":"category","embeddable":true,"href":"https:\/\/eldiariodesanpedro.com.ar\/sitio\/wp-json\/wp\/v2\/categories?post=38152"},{"taxonomy":"post_tag","embeddable":true,"href":"https:\/\/eldiariodesanpedro.com.ar\/sitio\/wp-json\/wp\/v2\/tags?post=38152"}],"curies":[{"name":"wp","href":"https:\/\/api.w.org\/{rel}","templated":true}]}}