{"id":38142,"date":"2018-08-10T20:13:33","date_gmt":"2018-08-10T23:13:33","guid":{"rendered":"https:\/\/eldiariodesanpedro.com.ar\/sitio\/?p=38142"},"modified":"2026-01-24T00:11:16","modified_gmt":"2026-01-24T03:11:16","slug":"futbol-local-la-segunda-fecha-con-sus-partidos-y-horarios","status":"publish","type":"post","link":"https:\/\/eldiariodesanpedro.com.ar\/sitio\/futbol-local-la-segunda-fecha-con-sus-partidos-y-horarios\/","title":{"rendered":"F\u00daTBOL LOCAL: La segunda fecha con sus partidos y horarios"},"content":{"rendered":"<p><!-- VideographyWP Plugin Message: Automatic video embedding prevented by plugin options. --><br \/>\nLa segunda jornada del torneo Clausura \u201cBeto Manresa-Rubito L\u00f3pez\u201d con un cotejo el s\u00e1bado y el resto el domingo es la programaci\u00f3n dispuesta por la liga.<\/p>\n<p><strong>Partidos, d\u00edas y horarios<\/strong><\/p>\n<p><strong>Zona A<\/strong><br \/>\n<em>S\u00e1bado 11 de agosto<\/em><br \/>\nAm\u00e9rica \u2013 La Esperanza<br \/>\n(Quinta: 10:30\/Cuarta: 11:45\/Tercera: 13:00\/Sub 21: 14:30\/Primera: 16:15)<\/p>\n<p><em>Domingo 12 de agosto<\/em><br \/>\nFundici\u00f3n-Sportivo<br \/>\n(Quinta: 11:00\/Cuarta: 12:15\/Tercera: 13:30\/Sub 21: 14:45\/Primera: 16:45, en Sportivo)<\/p>\n<p>Banfield-Paran\u00e1 FC<br \/>\n(Quinta: 10:30\/Cuarta: 11:45\/Tercera: 13:00\/Sub 21: 14:30\/Primera: 16:15)<\/p>\n<p>Agricultores-Central C\u00f3rdoba<br \/>\n(Quinta: 10:30\/Cuarta: 11:45\/Tercera: 13:00\/Sub 21: 14:30\/Primera: 16:15)<\/p>\n<p><strong>Zona B<\/strong><br \/>\nDomingo 12 de agosto<br \/>\nRivadavia-Atl\u00e9tico<br \/>\n(Quinta: 10:00\/Cuarta: 11:15\/Tercera: 12:30\/Sub 21: 14:00\/Primera: 15:45)<\/p>\n<p>Independencia-Def. Unidos<br \/>\n(Quinta: 10:00\/Cuarta: 11:15\/Tercera: 12:30\/Sub 21: 14:00\/Primera: 15:45)<\/p>\n<p>San Roque-Mitre<br \/>\n(Quinta: 10:00\/Cuarta: 11:15\/Tercera: 12:30\/Sub 21: 14:00\/Primera: 15:45, en CADU)<\/p>\n<p>Las Palmeras-G. San Mart\u00edn<br \/>\n(Quinta: 10:00\/Cuarta: 11:15\/Tercera: 12:30\/Sub 21: 14:30\/Primera: 15:45)<\/p>\n<p><strong>Interzonal A y B<\/strong><br \/>\nIreneo Portela-Dep. Alsina<br \/>\n(Quinta: 10:30\/Cuarta: 11:45\/Tercera: 13:00\/Sub 21: 14:30\/Primera: 15:45)<\/p>\n","protected":false},"excerpt":{"rendered":"<p>La segunda jornada del torneo Clausura \u201cBeto Manresa-Rubito L\u00f3pez\u201d con un cotejo el s\u00e1bado y el resto el domingo es la programaci\u00f3n dispuesta por la liga. Partidos, d\u00edas y horarios Zona A S\u00e1bado 11 de agosto Am\u00e9rica \u2013 La Esperanza (Quinta: 10:30\/Cuarta: 11:45\/Tercera: 13:00\/Sub 21: 14:30\/Primera: 16:15) Domingo 12 de agosto Fundici\u00f3n-Sportivo (Quinta: 11:00\/Cuarta: 12:15\/Tercera: [&hellip;]<\/p>\n","protected":false},"author":4,"featured_media":20147,"comment_status":"open","ping_status":"closed","sticky":false,"template":"","format":"standard","meta":{"om_disable_all_campaigns":false,"_jetpack_memberships_contains_paid_content":false,"footnotes":""},"categories":[5],"tags":[],"class_list":["post-38142","post","type-post","status-publish","format-standard","has-post-thumbnail","hentry","category-deportes"],"aioseo_notices":[],"gutentor_comment":0,"jetpack_featured_media_url":"https:\/\/eldiariodesanpedro.com.ar\/sitio\/wp-content\/uploads\/2017\/06\/futbol-gol.jpg","jetpack_shortlink":"https:\/\/wp.me\/p6RhLt-9Vc","jetpack_sharing_enabled":true,"_links":{"self":[{"href":"https:\/\/eldiariodesanpedro.com.ar\/sitio\/wp-json\/wp\/v2\/posts\/38142","targetHints":{"allow":["GET"]}}],"collection":[{"href":"https:\/\/eldiariodesanpedro.com.ar\/sitio\/wp-json\/wp\/v2\/posts"}],"about":[{"href":"https:\/\/eldiariodesanpedro.com.ar\/sitio\/wp-json\/wp\/v2\/types\/post"}],"author":[{"embeddable":true,"href":"https:\/\/eldiariodesanpedro.com.ar\/sitio\/wp-json\/wp\/v2\/users\/4"}],"replies":[{"embeddable":true,"href":"https:\/\/eldiariodesanpedro.com.ar\/sitio\/wp-json\/wp\/v2\/comments?post=38142"}],"version-history":[{"count":1,"href":"https:\/\/eldiariodesanpedro.com.ar\/sitio\/wp-json\/wp\/v2\/posts\/38142\/revisions"}],"predecessor-version":[{"id":38144,"href":"https:\/\/eldiariodesanpedro.com.ar\/sitio\/wp-json\/wp\/v2\/posts\/38142\/revisions\/38144"}],"wp:featuredmedia":[{"embeddable":true,"href":"https:\/\/eldiariodesanpedro.com.ar\/sitio\/wp-json\/wp\/v2\/media\/20147"}],"wp:attachment":[{"href":"https:\/\/eldiariodesanpedro.com.ar\/sitio\/wp-json\/wp\/v2\/media?parent=38142"}],"wp:term":[{"taxonomy":"category","embeddable":true,"href":"https:\/\/eldiariodesanpedro.com.ar\/sitio\/wp-json\/wp\/v2\/categories?post=38142"},{"taxonomy":"post_tag","embeddable":true,"href":"https:\/\/eldiariodesanpedro.com.ar\/sitio\/wp-json\/wp\/v2\/tags?post=38142"}],"curies":[{"name":"wp","href":"https:\/\/api.w.org\/{rel}","templated":true}]}}