{"id":38139,"date":"2018-08-10T20:08:00","date_gmt":"2018-08-10T23:08:00","guid":{"rendered":"https:\/\/eldiariodesanpedro.com.ar\/sitio\/?p=38139"},"modified":"2026-01-24T00:11:16","modified_gmt":"2026-01-24T03:11:16","slug":"automovilismo-solmi-e-iglesias-en-la-plata","status":"publish","type":"post","link":"https:\/\/eldiariodesanpedro.com.ar\/sitio\/automovilismo-solmi-e-iglesias-en-la-plata\/","title":{"rendered":"AUTOMOVILISMO: Solmi e Iglesias en La Plata"},"content":{"rendered":"<p><!-- VideographyWP Plugin Message: Automatic video embedding prevented by plugin options. --><br \/>\n  Junior Solmi estar\u00e1 presente en el fin de semana del TC Pista Mouras cuando la categor\u00eda tenga una nueva fecha de su temporada 2018. Junior va a esta carrera sabiendo que necesita sumar y as\u00ed volver a ingresar en la primera meta planteada a principio de a\u00f1o como lo es estar dentro de los clasificados a la copa de plata (12 pilotos ingresan). El representante de San Pedro tiene en este momento 167 puntos y esta en el 13er lugar.<\/p>\n<p>  Fernando \u201cMorro\u201d Iglesias retorna este fin de semana al TC Mouras en la 10ma fecha del a\u00f1o en el \u201cRoberto Mouras\u201d platense, esta vez con pilotos invitados. Y el sampedrino ir\u00e1 con novedades a esta cita, ya que previo a debutar en los 1000 Kil\u00f3metros de Buenos Aires del Turismo Carretera tras la invitaci\u00f3n de Mart\u00edn Serrano, afrontar\u00e1 una nueva competencia con el Ford del ROQ Racing que tendr\u00e1 la motorizaci\u00f3n a partir del inicio de la actividad de la familia Candela, y adem\u00e1s Ramiro Dailoff ser\u00e1 quien acompa\u00f1e como invitado al \u201cMorro\u201d.<\/p>\n","protected":false},"excerpt":{"rendered":"<p>Junior Solmi estar\u00e1 presente en el fin de semana del TC Pista Mouras cuando la categor\u00eda tenga una nueva fecha de su temporada 2018. Junior va a esta carrera sabiendo que necesita sumar y as\u00ed volver a ingresar en la primera meta planteada a principio de a\u00f1o como lo es estar dentro de los clasificados [&hellip;]<\/p>\n","protected":false},"author":4,"featured_media":29787,"comment_status":"open","ping_status":"closed","sticky":false,"template":"","format":"standard","meta":{"om_disable_all_campaigns":false,"_jetpack_memberships_contains_paid_content":false,"footnotes":""},"categories":[5],"tags":[],"class_list":["post-38139","post","type-post","status-publish","format-standard","has-post-thumbnail","hentry","category-deportes"],"aioseo_notices":[],"gutentor_comment":0,"jetpack_featured_media_url":"https:\/\/eldiariodesanpedro.com.ar\/sitio\/wp-content\/uploads\/2018\/03\/Junior-Solmi-y-Morro-Iglesias-en-La-Plata.jpg","jetpack_shortlink":"https:\/\/wp.me\/p6RhLt-9V9","jetpack_sharing_enabled":true,"_links":{"self":[{"href":"https:\/\/eldiariodesanpedro.com.ar\/sitio\/wp-json\/wp\/v2\/posts\/38139","targetHints":{"allow":["GET"]}}],"collection":[{"href":"https:\/\/eldiariodesanpedro.com.ar\/sitio\/wp-json\/wp\/v2\/posts"}],"about":[{"href":"https:\/\/eldiariodesanpedro.com.ar\/sitio\/wp-json\/wp\/v2\/types\/post"}],"author":[{"embeddable":true,"href":"https:\/\/eldiariodesanpedro.com.ar\/sitio\/wp-json\/wp\/v2\/users\/4"}],"replies":[{"embeddable":true,"href":"https:\/\/eldiariodesanpedro.com.ar\/sitio\/wp-json\/wp\/v2\/comments?post=38139"}],"version-history":[{"count":1,"href":"https:\/\/eldiariodesanpedro.com.ar\/sitio\/wp-json\/wp\/v2\/posts\/38139\/revisions"}],"predecessor-version":[{"id":38140,"href":"https:\/\/eldiariodesanpedro.com.ar\/sitio\/wp-json\/wp\/v2\/posts\/38139\/revisions\/38140"}],"wp:featuredmedia":[{"embeddable":true,"href":"https:\/\/eldiariodesanpedro.com.ar\/sitio\/wp-json\/wp\/v2\/media\/29787"}],"wp:attachment":[{"href":"https:\/\/eldiariodesanpedro.com.ar\/sitio\/wp-json\/wp\/v2\/media?parent=38139"}],"wp:term":[{"taxonomy":"category","embeddable":true,"href":"https:\/\/eldiariodesanpedro.com.ar\/sitio\/wp-json\/wp\/v2\/categories?post=38139"},{"taxonomy":"post_tag","embeddable":true,"href":"https:\/\/eldiariodesanpedro.com.ar\/sitio\/wp-json\/wp\/v2\/tags?post=38139"}],"curies":[{"name":"wp","href":"https:\/\/api.w.org\/{rel}","templated":true}]}}