{"id":38133,"date":"2018-08-10T20:04:58","date_gmt":"2018-08-10T23:04:58","guid":{"rendered":"https:\/\/eldiariodesanpedro.com.ar\/sitio\/?p=38133"},"modified":"2026-01-24T00:11:16","modified_gmt":"2026-01-24T03:11:16","slug":"basquet-regatas-campeon-zonal-del-sub-15-luego-de-superar-a-nautico-en-san-pedro","status":"publish","type":"post","link":"https:\/\/eldiariodesanpedro.com.ar\/sitio\/basquet-regatas-campeon-zonal-del-sub-15-luego-de-superar-a-nautico-en-san-pedro\/","title":{"rendered":"B\u00c1SQUET: Regatas campe\u00f3n zonal del Sub 15 luego de superar a N\u00e1utico en San Pedro"},"content":{"rendered":"<p><!-- VideographyWP Plugin Message: Automatic video embedding prevented by plugin options. --><br \/>\n  Ante una buena concurrencia en el \u201cJos\u00e9 Geogheghan\u201d del Club N\u00e1utico, este mi\u00e9rcoles Regatas San Nicol\u00e1s dio vuelta el resultado ante los sampedrinos y se consagr\u00f3 campe\u00f3n zonal Sub 15.<\/p>\n<p>  En el partido de ida jugado en San Nicol\u00e1s, N\u00e1utico de San Pedro lo gan\u00f3 por dos puntos, en la revancha lo dio vuelta. La final de Zona 1 fue de muy buen nivel, llegando Regatas a la m\u00e1xima competencia provincial. fue El resultado final 68 a 47 para el equipo de la Asociaci\u00f3n de B\u00e1squetbol de San Nicol\u00e1s (ABSN). Muy buen torneo de N\u00e1utico, s\u00f3lo en el \u00faltimo partido cay\u00f3 derrotado luego de una excelente campa\u00f1a que incluy\u00f3 victorias en toda la zona. <\/p>\n<p><em>  N\u00e1utico present\u00f3 a:<\/em><br \/>\nMart\u00edn Zuvilivia, Bautista Gazzolo, Alejo Mitidieri, Lucas Penduzzu, Manuel S\u00e1nchez, Juan Marzoratti, Tom\u00e1s Nakama, Gonzalo R\u00edos, Lucas Tagliatori, Giuliano Troilo, Ian Janulivicius, Mateo Rodr\u00edguez.<\/p>\n","protected":false},"excerpt":{"rendered":"<p>Ante una buena concurrencia en el \u201cJos\u00e9 Geogheghan\u201d del Club N\u00e1utico, este mi\u00e9rcoles Regatas San Nicol\u00e1s dio vuelta el resultado ante los sampedrinos y se consagr\u00f3 campe\u00f3n zonal Sub 15. En el partido de ida jugado en San Nicol\u00e1s, N\u00e1utico de San Pedro lo gan\u00f3 por dos puntos, en la revancha lo dio vuelta. La [&hellip;]<\/p>\n","protected":false},"author":4,"featured_media":35976,"comment_status":"open","ping_status":"closed","sticky":false,"template":"","format":"standard","meta":{"om_disable_all_campaigns":false,"_jetpack_memberships_contains_paid_content":false,"footnotes":""},"categories":[5],"tags":[],"class_list":["post-38133","post","type-post","status-publish","format-standard","has-post-thumbnail","hentry","category-deportes"],"aioseo_notices":[],"gutentor_comment":0,"jetpack_featured_media_url":"https:\/\/eldiariodesanpedro.com.ar\/sitio\/wp-content\/uploads\/2018\/07\/basquet-2.jpg","jetpack_shortlink":"https:\/\/wp.me\/p6RhLt-9V3","jetpack_sharing_enabled":true,"_links":{"self":[{"href":"https:\/\/eldiariodesanpedro.com.ar\/sitio\/wp-json\/wp\/v2\/posts\/38133","targetHints":{"allow":["GET"]}}],"collection":[{"href":"https:\/\/eldiariodesanpedro.com.ar\/sitio\/wp-json\/wp\/v2\/posts"}],"about":[{"href":"https:\/\/eldiariodesanpedro.com.ar\/sitio\/wp-json\/wp\/v2\/types\/post"}],"author":[{"embeddable":true,"href":"https:\/\/eldiariodesanpedro.com.ar\/sitio\/wp-json\/wp\/v2\/users\/4"}],"replies":[{"embeddable":true,"href":"https:\/\/eldiariodesanpedro.com.ar\/sitio\/wp-json\/wp\/v2\/comments?post=38133"}],"version-history":[{"count":2,"href":"https:\/\/eldiariodesanpedro.com.ar\/sitio\/wp-json\/wp\/v2\/posts\/38133\/revisions"}],"predecessor-version":[{"id":38137,"href":"https:\/\/eldiariodesanpedro.com.ar\/sitio\/wp-json\/wp\/v2\/posts\/38133\/revisions\/38137"}],"wp:featuredmedia":[{"embeddable":true,"href":"https:\/\/eldiariodesanpedro.com.ar\/sitio\/wp-json\/wp\/v2\/media\/35976"}],"wp:attachment":[{"href":"https:\/\/eldiariodesanpedro.com.ar\/sitio\/wp-json\/wp\/v2\/media?parent=38133"}],"wp:term":[{"taxonomy":"category","embeddable":true,"href":"https:\/\/eldiariodesanpedro.com.ar\/sitio\/wp-json\/wp\/v2\/categories?post=38133"},{"taxonomy":"post_tag","embeddable":true,"href":"https:\/\/eldiariodesanpedro.com.ar\/sitio\/wp-json\/wp\/v2\/tags?post=38133"}],"curies":[{"name":"wp","href":"https:\/\/api.w.org\/{rel}","templated":true}]}}