{"id":38132,"date":"2018-08-10T20:04:46","date_gmt":"2018-08-10T23:04:46","guid":{"rendered":"https:\/\/eldiariodesanpedro.com.ar\/sitio\/?p=38132"},"modified":"2026-01-24T00:11:16","modified_gmt":"2026-01-24T03:11:16","slug":"buenos-aires-2018-valentin-rossi-clasifico-a-los-juegos-de-la-juventud","status":"publish","type":"post","link":"https:\/\/eldiariodesanpedro.com.ar\/sitio\/buenos-aires-2018-valentin-rossi-clasifico-a-los-juegos-de-la-juventud\/","title":{"rendered":"BUENOS AIRES 2018: Valent\u00edn Rossi clasific\u00f3 a los Juegos de la Juventud"},"content":{"rendered":"<p><!-- VideographyWP Plugin Message: Automatic video embedding prevented by plugin options. --><br \/>\nEl palista del Club N\u00e1utico San Pedro logr\u00f3 la clasificaci\u00f3n para integrar el equipo en los pr\u00f3ximos Juegos Ol\u00edmpicos de la Juventud Buenos Aires 2018.<\/p>\n<p>  Valent\u00edn se suma a Rebecca D\u2019 Est\u00e9fano y Dante Cittadini como integrantes de la delegaci\u00f3n argentina.<\/p>\n<p>  Hasta el momento el \u00fanico sampedrino que integr\u00f3 una delegaci\u00f3n fue Kevin Esp\u00edndola en Boxeo, en los Juegos de la Juventud llevado a cabo en Beijing.<\/p>\n","protected":false},"excerpt":{"rendered":"<p>El palista del Club N\u00e1utico San Pedro logr\u00f3 la clasificaci\u00f3n para integrar el equipo en los pr\u00f3ximos Juegos Ol\u00edmpicos de la Juventud Buenos Aires 2018. Valent\u00edn se suma a Rebecca D\u2019 Est\u00e9fano y Dante Cittadini como integrantes de la delegaci\u00f3n argentina. Hasta el momento el \u00fanico sampedrino que integr\u00f3 una delegaci\u00f3n fue Kevin Esp\u00edndola en [&hellip;]<\/p>\n","protected":false},"author":4,"featured_media":38134,"comment_status":"open","ping_status":"closed","sticky":false,"template":"","format":"standard","meta":{"om_disable_all_campaigns":false,"_jetpack_memberships_contains_paid_content":false,"footnotes":""},"categories":[5],"tags":[],"class_list":["post-38132","post","type-post","status-publish","format-standard","has-post-thumbnail","hentry","category-deportes"],"aioseo_notices":[],"gutentor_comment":0,"jetpack_featured_media_url":"https:\/\/eldiariodesanpedro.com.ar\/sitio\/wp-content\/uploads\/2018\/08\/valentin-rossi.jpg","jetpack_shortlink":"https:\/\/wp.me\/p6RhLt-9V2","jetpack_sharing_enabled":true,"_links":{"self":[{"href":"https:\/\/eldiariodesanpedro.com.ar\/sitio\/wp-json\/wp\/v2\/posts\/38132","targetHints":{"allow":["GET"]}}],"collection":[{"href":"https:\/\/eldiariodesanpedro.com.ar\/sitio\/wp-json\/wp\/v2\/posts"}],"about":[{"href":"https:\/\/eldiariodesanpedro.com.ar\/sitio\/wp-json\/wp\/v2\/types\/post"}],"author":[{"embeddable":true,"href":"https:\/\/eldiariodesanpedro.com.ar\/sitio\/wp-json\/wp\/v2\/users\/4"}],"replies":[{"embeddable":true,"href":"https:\/\/eldiariodesanpedro.com.ar\/sitio\/wp-json\/wp\/v2\/comments?post=38132"}],"version-history":[{"count":1,"href":"https:\/\/eldiariodesanpedro.com.ar\/sitio\/wp-json\/wp\/v2\/posts\/38132\/revisions"}],"predecessor-version":[{"id":38135,"href":"https:\/\/eldiariodesanpedro.com.ar\/sitio\/wp-json\/wp\/v2\/posts\/38132\/revisions\/38135"}],"wp:featuredmedia":[{"embeddable":true,"href":"https:\/\/eldiariodesanpedro.com.ar\/sitio\/wp-json\/wp\/v2\/media\/38134"}],"wp:attachment":[{"href":"https:\/\/eldiariodesanpedro.com.ar\/sitio\/wp-json\/wp\/v2\/media?parent=38132"}],"wp:term":[{"taxonomy":"category","embeddable":true,"href":"https:\/\/eldiariodesanpedro.com.ar\/sitio\/wp-json\/wp\/v2\/categories?post=38132"},{"taxonomy":"post_tag","embeddable":true,"href":"https:\/\/eldiariodesanpedro.com.ar\/sitio\/wp-json\/wp\/v2\/tags?post=38132"}],"curies":[{"name":"wp","href":"https:\/\/api.w.org\/{rel}","templated":true}]}}