{"id":38126,"date":"2018-08-10T18:34:18","date_gmt":"2018-08-10T21:34:18","guid":{"rendered":"https:\/\/eldiariodesanpedro.com.ar\/sitio\/?p=38126"},"modified":"2018-08-10T18:34:18","modified_gmt":"2018-08-10T21:34:18","slug":"baradero-dos-accidentes-en-ruta-9-casi-en-simultaneo","status":"publish","type":"post","link":"https:\/\/eldiariodesanpedro.com.ar\/sitio\/baradero-dos-accidentes-en-ruta-9-casi-en-simultaneo\/","title":{"rendered":"BARADERO:  Dos accidentes en Ruta 9 casi en simult\u00e1neo"},"content":{"rendered":"<p><!-- VideographyWP Plugin Message: Automatic video embedding prevented by plugin options. --><br \/>\nAlrededor de las 13.30 de este viernes se alert\u00f3 al cuartel central de los Bomberos Voluntarios de nuestra ciudad por un accidente en el kil\u00f3metro 143,5 en el carril que se dirige a Rosario. Pero se encontraron con otro accidente en el camino.<\/p>\n<p><img decoding=\"async\" data-attachment-id=\"38127\" data-permalink=\"https:\/\/eldiariodesanpedro.com.ar\/sitio\/baradero-dos-accidentes-en-ruta-9-casi-en-simultaneo\/1vuelco\/\" data-orig-file=\"https:\/\/eldiariodesanpedro.com.ar\/sitio\/wp-content\/uploads\/2018\/08\/1vuelco.jpg\" data-orig-size=\"770,907\" data-comments-opened=\"1\" data-image-meta=\"{&quot;aperture&quot;:&quot;0&quot;,&quot;credit&quot;:&quot;&quot;,&quot;camera&quot;:&quot;&quot;,&quot;caption&quot;:&quot;&quot;,&quot;created_timestamp&quot;:&quot;0&quot;,&quot;copyright&quot;:&quot;&quot;,&quot;focal_length&quot;:&quot;0&quot;,&quot;iso&quot;:&quot;0&quot;,&quot;shutter_speed&quot;:&quot;0&quot;,&quot;title&quot;:&quot;&quot;,&quot;orientation&quot;:&quot;0&quot;}\" data-image-title=\"1vuelco\" data-image-description=\"\" data-image-caption=\"\" data-large-file=\"https:\/\/eldiariodesanpedro.com.ar\/sitio\/wp-content\/uploads\/2018\/08\/1vuelco.jpg\" data-src=\"https:\/\/eldiariodesanpedro.com.ar\/sitio\/wp-content\/uploads\/2018\/08\/1vuelco.jpg\" alt=\"\" width=\"770\" height=\"907\" class=\"alignnone size-full wp-image-38127 lazyload\" data-srcset=\"https:\/\/eldiariodesanpedro.com.ar\/sitio\/wp-content\/uploads\/2018\/08\/1vuelco.jpg 770w, https:\/\/eldiariodesanpedro.com.ar\/sitio\/wp-content\/uploads\/2018\/08\/1vuelco-255x300.jpg 255w, https:\/\/eldiariodesanpedro.com.ar\/sitio\/wp-content\/uploads\/2018\/08\/1vuelco-768x905.jpg 768w\" data-sizes=\"(max-width: 770px) 100vw, 770px\" src=\"data:image\/svg+xml;base64,PHN2ZyB3aWR0aD0iMSIgaGVpZ2h0PSIxIiB4bWxucz0iaHR0cDovL3d3dy53My5vcmcvMjAwMC9zdmciPjwvc3ZnPg==\" style=\"--smush-placeholder-width: 770px; --smush-placeholder-aspect-ratio: 770\/907;\" \/><\/p>\n<p>El llamado refer\u00eda al vuelco de un auto y solicit\u00f3 la intervenci\u00f3n de bomberos debido a que habr\u00eda una persona atrapada. Por lo que se dirigieron con la unidad de rescate, el m\u00f3vil 4; y el de apoyo, el m\u00f3vil 22 para balizamiento.<\/p>\n<p>El Sargento Gabriel Fontanari explic\u00f3 al m\u00f3vil de Tu Radio que cuando llegan al kil\u00f3metro 142, 500  se encontraron con un despiste de un auto que qued\u00f3 en el cantero central. Si bien el mismo no ten\u00eda victimas, la ambulancia tambi\u00e9n hab\u00eda parado all\u00ed.<\/p>\n<p>A los pocos minutos les informan que el accidente por el cual los hab\u00edan llamado era a un kil\u00f3metro de distancia. Se trataba de un Renault Megane que se encontraba sobre el carril r\u00e1pido con una mujer que estaba tirada sobre la cinta asf\u00e1ltica y un menor de cuatro a\u00f1os. \u00c9ste \u00faltimo aparentemente sin lesiones.<\/p>\n<p>El peque\u00f1o no tendr\u00eda lesiones y Bomberos procedi\u00f3 a la inmovilizaci\u00f3n de la mujer.  \u201cEl chiquito ven\u00eda en la parte trasera, en la butaca correctamente puesto\u201d subray\u00f3 El Sargento Gabriel Fontanari. <\/p>\n<p><img decoding=\"async\" data-attachment-id=\"38128\" data-permalink=\"https:\/\/eldiariodesanpedro.com.ar\/sitio\/baradero-dos-accidentes-en-ruta-9-casi-en-simultaneo\/2vuelco\/\" data-orig-file=\"https:\/\/eldiariodesanpedro.com.ar\/sitio\/wp-content\/uploads\/2018\/08\/2vuelco.jpg\" data-orig-size=\"721,1280\" data-comments-opened=\"1\" data-image-meta=\"{&quot;aperture&quot;:&quot;0&quot;,&quot;credit&quot;:&quot;&quot;,&quot;camera&quot;:&quot;&quot;,&quot;caption&quot;:&quot;&quot;,&quot;created_timestamp&quot;:&quot;0&quot;,&quot;copyright&quot;:&quot;&quot;,&quot;focal_length&quot;:&quot;0&quot;,&quot;iso&quot;:&quot;0&quot;,&quot;shutter_speed&quot;:&quot;0&quot;,&quot;title&quot;:&quot;&quot;,&quot;orientation&quot;:&quot;0&quot;}\" data-image-title=\"2vuelco\" data-image-description=\"\" data-image-caption=\"\" data-large-file=\"https:\/\/eldiariodesanpedro.com.ar\/sitio\/wp-content\/uploads\/2018\/08\/2vuelco-577x1024.jpg\" data-src=\"https:\/\/eldiariodesanpedro.com.ar\/sitio\/wp-content\/uploads\/2018\/08\/2vuelco-577x1024.jpg\" alt=\"\" width=\"577\" height=\"1024\" class=\"alignnone size-large wp-image-38128 lazyload\" data-srcset=\"https:\/\/eldiariodesanpedro.com.ar\/sitio\/wp-content\/uploads\/2018\/08\/2vuelco-577x1024.jpg 577w, https:\/\/eldiariodesanpedro.com.ar\/sitio\/wp-content\/uploads\/2018\/08\/2vuelco-169x300.jpg 169w, https:\/\/eldiariodesanpedro.com.ar\/sitio\/wp-content\/uploads\/2018\/08\/2vuelco.jpg 721w\" data-sizes=\"(max-width: 577px) 100vw, 577px\" src=\"data:image\/svg+xml;base64,PHN2ZyB3aWR0aD0iMSIgaGVpZ2h0PSIxIiB4bWxucz0iaHR0cDovL3d3dy53My5vcmcvMjAwMC9zdmciPjwvc3ZnPg==\" style=\"--smush-placeholder-width: 577px; --smush-placeholder-aspect-ratio: 577\/1024;\" \/><\/p>\n<p>Cuando llegaron los bomberos, se encontraba trabajando el jefe de Prefectura que pasaba casualmente por el lugar. El mismo colabor\u00f3 con las tareas de balizamiento.<\/p>\n<p>Fuente: Tu Linea Directa<\/p>\n","protected":false},"excerpt":{"rendered":"<p>Alrededor de las 13.30 de este viernes se alert\u00f3 al cuartel central de los Bomberos Voluntarios de nuestra ciudad por un accidente en el kil\u00f3metro 143,5 en el carril que se dirige a Rosario. Pero se encontraron con otro accidente en el camino. El llamado refer\u00eda al vuelco de un auto y solicit\u00f3 la intervenci\u00f3n [&hellip;]<\/p>\n","protected":false},"author":4,"featured_media":38129,"comment_status":"open","ping_status":"closed","sticky":false,"template":"","format":"standard","meta":{"om_disable_all_campaigns":false,"_jetpack_memberships_contains_paid_content":false,"footnotes":""},"categories":[621],"tags":[],"class_list":["post-38126","post","type-post","status-publish","format-standard","has-post-thumbnail","hentry","category-regionales"],"aioseo_notices":[],"gutentor_comment":0,"jetpack_featured_media_url":"https:\/\/eldiariodesanpedro.com.ar\/sitio\/wp-content\/uploads\/2018\/08\/1vuelco-1-681x511.jpg","jetpack_shortlink":"https:\/\/wp.me\/p6RhLt-9UW","jetpack_sharing_enabled":true,"_links":{"self":[{"href":"https:\/\/eldiariodesanpedro.com.ar\/sitio\/wp-json\/wp\/v2\/posts\/38126","targetHints":{"allow":["GET"]}}],"collection":[{"href":"https:\/\/eldiariodesanpedro.com.ar\/sitio\/wp-json\/wp\/v2\/posts"}],"about":[{"href":"https:\/\/eldiariodesanpedro.com.ar\/sitio\/wp-json\/wp\/v2\/types\/post"}],"author":[{"embeddable":true,"href":"https:\/\/eldiariodesanpedro.com.ar\/sitio\/wp-json\/wp\/v2\/users\/4"}],"replies":[{"embeddable":true,"href":"https:\/\/eldiariodesanpedro.com.ar\/sitio\/wp-json\/wp\/v2\/comments?post=38126"}],"version-history":[{"count":1,"href":"https:\/\/eldiariodesanpedro.com.ar\/sitio\/wp-json\/wp\/v2\/posts\/38126\/revisions"}],"predecessor-version":[{"id":38130,"href":"https:\/\/eldiariodesanpedro.com.ar\/sitio\/wp-json\/wp\/v2\/posts\/38126\/revisions\/38130"}],"wp:featuredmedia":[{"embeddable":true,"href":"https:\/\/eldiariodesanpedro.com.ar\/sitio\/wp-json\/wp\/v2\/media\/38129"}],"wp:attachment":[{"href":"https:\/\/eldiariodesanpedro.com.ar\/sitio\/wp-json\/wp\/v2\/media?parent=38126"}],"wp:term":[{"taxonomy":"category","embeddable":true,"href":"https:\/\/eldiariodesanpedro.com.ar\/sitio\/wp-json\/wp\/v2\/categories?post=38126"},{"taxonomy":"post_tag","embeddable":true,"href":"https:\/\/eldiariodesanpedro.com.ar\/sitio\/wp-json\/wp\/v2\/tags?post=38126"}],"curies":[{"name":"wp","href":"https:\/\/api.w.org\/{rel}","templated":true}]}}