{"id":38121,"date":"2018-08-10T15:25:13","date_gmt":"2018-08-10T18:25:13","guid":{"rendered":"https:\/\/eldiariodesanpedro.com.ar\/sitio\/?p=38121"},"modified":"2018-08-10T15:25:13","modified_gmt":"2018-08-10T18:25:13","slug":"nueva-jornada-sobre-caminos-rurales-con-la-participacion-de-ariel-alvarez","status":"publish","type":"post","link":"https:\/\/eldiariodesanpedro.com.ar\/sitio\/nueva-jornada-sobre-caminos-rurales-con-la-participacion-de-ariel-alvarez\/","title":{"rendered":"Nueva jornada sobre caminos rurales, con la participaci\u00f3n de Ariel Alvarez"},"content":{"rendered":"<p><!-- VideographyWP Plugin Message: Automatic video embedding prevented by plugin options. --><br \/>\nEl Secretario de obras y servicios p\u00fablicos Ariel Alvarez particip\u00f3 en representaci\u00f3n de la Municipalidad de San Pedro de una jornada sobre caminos rurales realizada este mi\u00e9rcoles 8 de agosto en el Ministerio de Transporte en la ciudad de Buenos Aires.<\/p>\n<p>En el encuentro que cont\u00f3 con la presencia de autoridades y delegaciones de las ciudades de Jun\u00edn, Pergamino, Exaltaci\u00f3n de la Cruz y otras de la zona, continu\u00f3 el an\u00e1lisis de la iniciativa basada en una plataforma colaborativa para la reparaci\u00f3n y extensi\u00f3n de las redes en el territorio nacional y provincial.<\/p>\n<p>Cada regi\u00f3n y especialmente cada municipio presenta particularidades en sus necesidades con relaci\u00f3n a este tema y los encuentros que se vienen desarrollando sirven para volcar informaci\u00f3n \u00fatil en la elaboraci\u00f3n de los proyectos, articulando con autoridades nacionales, provinciales y municipales. <\/p>\n<p>La afectaci\u00f3n de algunas zonas con las \u00faltimas inundaciones, el abandono sufrido por sectores puntuales durante muchos a\u00f1os y la proyecci\u00f3n de mejoras que tambi\u00e9n contemplen la sustentabilidad y el impacto ecol\u00f3gico fueron temas de agenda.<\/p>\n<p>El gobierno provincial se comprometi\u00f3 a aportar fondos para la reparaci\u00f3n de 12.000 kil\u00f3metros de los 25.000 kil\u00f3metros de caminos de tierra que tiene la provincia, y la plataforma desarrollada por el Ministerio de Transporte est\u00e1 dirigida a quienes tienen responsabilidad en la gesti\u00f3n de estos caminos. La implementaci\u00f3n de la misma comienza a llegar a los municipios y continuar\u00e1n las capacitaciones para tal fin.<\/p>\n","protected":false},"excerpt":{"rendered":"<p>El Secretario de obras y servicios p\u00fablicos Ariel Alvarez particip\u00f3 en representaci\u00f3n de la Municipalidad de San Pedro de una jornada sobre caminos rurales realizada este mi\u00e9rcoles 8 de agosto en el Ministerio de Transporte en la ciudad de Buenos Aires. En el encuentro que cont\u00f3 con la presencia de autoridades y delegaciones de las [&hellip;]<\/p>\n","protected":false},"author":4,"featured_media":38122,"comment_status":"open","ping_status":"closed","sticky":false,"template":"","format":"standard","meta":{"om_disable_all_campaigns":false,"_jetpack_memberships_contains_paid_content":false,"footnotes":""},"categories":[101,2],"tags":[],"class_list":["post-38121","post","type-post","status-publish","format-standard","has-post-thumbnail","hentry","category-interes-general-locales","category-locales"],"aioseo_notices":[],"gutentor_comment":0,"jetpack_featured_media_url":"https:\/\/eldiariodesanpedro.com.ar\/sitio\/wp-content\/uploads\/2018\/08\/752799df-3767-4076-8978-e57e47a33b59.jpg","jetpack_shortlink":"https:\/\/wp.me\/p6RhLt-9UR","jetpack_sharing_enabled":true,"_links":{"self":[{"href":"https:\/\/eldiariodesanpedro.com.ar\/sitio\/wp-json\/wp\/v2\/posts\/38121","targetHints":{"allow":["GET"]}}],"collection":[{"href":"https:\/\/eldiariodesanpedro.com.ar\/sitio\/wp-json\/wp\/v2\/posts"}],"about":[{"href":"https:\/\/eldiariodesanpedro.com.ar\/sitio\/wp-json\/wp\/v2\/types\/post"}],"author":[{"embeddable":true,"href":"https:\/\/eldiariodesanpedro.com.ar\/sitio\/wp-json\/wp\/v2\/users\/4"}],"replies":[{"embeddable":true,"href":"https:\/\/eldiariodesanpedro.com.ar\/sitio\/wp-json\/wp\/v2\/comments?post=38121"}],"version-history":[{"count":1,"href":"https:\/\/eldiariodesanpedro.com.ar\/sitio\/wp-json\/wp\/v2\/posts\/38121\/revisions"}],"predecessor-version":[{"id":38123,"href":"https:\/\/eldiariodesanpedro.com.ar\/sitio\/wp-json\/wp\/v2\/posts\/38121\/revisions\/38123"}],"wp:featuredmedia":[{"embeddable":true,"href":"https:\/\/eldiariodesanpedro.com.ar\/sitio\/wp-json\/wp\/v2\/media\/38122"}],"wp:attachment":[{"href":"https:\/\/eldiariodesanpedro.com.ar\/sitio\/wp-json\/wp\/v2\/media?parent=38121"}],"wp:term":[{"taxonomy":"category","embeddable":true,"href":"https:\/\/eldiariodesanpedro.com.ar\/sitio\/wp-json\/wp\/v2\/categories?post=38121"},{"taxonomy":"post_tag","embeddable":true,"href":"https:\/\/eldiariodesanpedro.com.ar\/sitio\/wp-json\/wp\/v2\/tags?post=38121"}],"curies":[{"name":"wp","href":"https:\/\/api.w.org\/{rel}","templated":true}]}}