{"id":38110,"date":"2018-08-10T10:29:57","date_gmt":"2018-08-10T13:29:57","guid":{"rendered":"https:\/\/eldiariodesanpedro.com.ar\/sitio\/?p=38110"},"modified":"2018-08-10T10:29:57","modified_gmt":"2018-08-10T13:29:57","slug":"san-nicolas-motomel-y-la-uom-se-reunen-para-firmar-acta-acuerdo-por-las-suspensiones-de-personal","status":"publish","type":"post","link":"https:\/\/eldiariodesanpedro.com.ar\/sitio\/san-nicolas-motomel-y-la-uom-se-reunen-para-firmar-acta-acuerdo-por-las-suspensiones-de-personal\/","title":{"rendered":"SAN NICOL\u00c1S: Motomel y la UOM se re\u00fanen para firmar acta acuerdo por las suspensiones de personal"},"content":{"rendered":"<p><!-- VideographyWP Plugin Message: Automatic video embedding prevented by plugin options. --><br \/>\nLa empresa y el gremio se presentar\u00e1n en la delegaci\u00f3n local del Ministerio de Trabajo de la provincia a fin de validar un acta de compromiso que formaliza las suspensiones aplicadas al personal de la planta que opera en La Emilia. Ser\u00e1n por 15 d\u00edas. Los empresarios se comprometen a renovar los contratos que vencen pr\u00f3ximamente. Hay expectativas por repunte estacional.<\/p>\n<p>Las dificultades econ\u00f3micas que afectan al mercado de la venta de motocicletas en nuestro pa\u00eds tienen un factor desencadente: la fuerte ca\u00edda de la demanda, lo cual lleva a las empresas del sector a reducir fuertemente la producci\u00f3n para acomodar la oferta al actual nivel de demanda. Con el aumento en el costo de los insumos dolarizados y la menor colocaci\u00f3n de productos en el mercado, la cuenta para los empresarios no cierra, motivo por el cual se procede a ajustar los costos a esa demanda. Seg\u00fan supo este medio, Motomel cuenta con personal para producir el doble de lo que vende.<\/p>\n<p>A partir de ello, la empresa dispuso la suspensi\u00f3n por 15 d\u00edas de todo el personal afectado a las diferentes l\u00edneas de producci\u00f3n. De acuerdo a lo que fuentes de la Uni\u00f3n Obrera Metal\u00fargica (UOM) le confiaron a EL NORTE, las suspensiones se extender\u00e1n durante las dos \u00faltimas semanas de agosto, es decir, desde el viernes 14 al viernes 31. Aunque ello deber\u00e1 formalizarse en la ma\u00f1ana de hoy en el Ministerio de Trabajo cuando representes de la empresa Motomel y de la UOM San Nicol\u00e1s se re\u00fanan en el despacho del delegado regional del Ministerio de Trabajo de la provincia, Mar\u00edas Grams, a fin de sellar un acta acuerdo que certifique el compromiso de ambas partes.<\/p>\n<p>Ese acta acuerdo contiene -entre otros puntos- el compromiso de la empresa de descontar del salario una de las dos semanas de suspensi\u00f3n. Adem\u00e1s, la empresa se compromete a renovar los contratos laborales que vencen en los pr\u00f3ximos d\u00edas.<\/p>\n<p>Acuerdo anti despidos<br \/>\nLa UOM San Nicol\u00e1s entiende que este acuerdo es lo m\u00e1s conveniente puesto que evita que se avance con despidos. Y focalizan las expectativas en la reactivaci\u00f3n de un mercado que en el mes de julio volvi\u00f3 a caer fuertemente. De hecho, seg\u00fan el informe de la divisi\u00f3n Motoveh\u00edculos de  la Asociaci\u00f3n de Concesionarios de Automotores de la Rep\u00fablica Argentina (Acara), el patentamiento de motos registr\u00f3 en julio una ca\u00edda del 22,8% contra igual per\u00edodo del 2017, aunque contra el mes anterior experiment\u00f3 un incremento del 4,9%. En t\u00e9rminos nominales, en el mes pasado el patentamiento de motos lleg\u00f3 a 39.515 unidades, contra 51.209 de igual mes de 2017 y 37.670 de junio. Motomel se ubica en el tercer lugar entre las marcas de mayores ventas. Honda retom\u00f3 el primer puesto y logr\u00f3 imponerse por sobre Zanella por poco m\u00e1s de 200 unidades, seguida por Motomel que alcanz\u00f3 el tercer escal\u00f3n por patentar 1.200 unidades m\u00e1s que Corven, que est\u00e1 en el cuarto lugar.<br \/>\nCon la llegada de septiembre y el comienzo de la primavera, se espera que la venta de motos repunte por tratarse de un per\u00edodo estacional m\u00e1s alto para el sector. Igualmente, ello estar\u00e1 sujeto a las condiciones macro econ\u00f3micas y el escenario cambiario.<\/p>\n<p>Fuente: Diario El Norte<\/p>\n","protected":false},"excerpt":{"rendered":"<p>La empresa y el gremio se presentar\u00e1n en la delegaci\u00f3n local del Ministerio de Trabajo de la provincia a fin de validar un acta de compromiso que formaliza las suspensiones aplicadas al personal de la planta que opera en La Emilia. Ser\u00e1n por 15 d\u00edas. Los empresarios se comprometen a renovar los contratos que vencen [&hellip;]<\/p>\n","protected":false},"author":4,"featured_media":38111,"comment_status":"open","ping_status":"closed","sticky":false,"template":"","format":"standard","meta":{"om_disable_all_campaigns":false,"_jetpack_memberships_contains_paid_content":false,"footnotes":""},"categories":[621],"tags":[],"class_list":["post-38110","post","type-post","status-publish","format-standard","has-post-thumbnail","hentry","category-regionales"],"aioseo_notices":[],"gutentor_comment":0,"jetpack_featured_media_url":"https:\/\/eldiariodesanpedro.com.ar\/sitio\/wp-content\/uploads\/2018\/08\/elnorte5b6d51493240e_4-trabajadores.jpg","jetpack_shortlink":"https:\/\/wp.me\/p6RhLt-9UG","jetpack_sharing_enabled":true,"_links":{"self":[{"href":"https:\/\/eldiariodesanpedro.com.ar\/sitio\/wp-json\/wp\/v2\/posts\/38110","targetHints":{"allow":["GET"]}}],"collection":[{"href":"https:\/\/eldiariodesanpedro.com.ar\/sitio\/wp-json\/wp\/v2\/posts"}],"about":[{"href":"https:\/\/eldiariodesanpedro.com.ar\/sitio\/wp-json\/wp\/v2\/types\/post"}],"author":[{"embeddable":true,"href":"https:\/\/eldiariodesanpedro.com.ar\/sitio\/wp-json\/wp\/v2\/users\/4"}],"replies":[{"embeddable":true,"href":"https:\/\/eldiariodesanpedro.com.ar\/sitio\/wp-json\/wp\/v2\/comments?post=38110"}],"version-history":[{"count":1,"href":"https:\/\/eldiariodesanpedro.com.ar\/sitio\/wp-json\/wp\/v2\/posts\/38110\/revisions"}],"predecessor-version":[{"id":38112,"href":"https:\/\/eldiariodesanpedro.com.ar\/sitio\/wp-json\/wp\/v2\/posts\/38110\/revisions\/38112"}],"wp:featuredmedia":[{"embeddable":true,"href":"https:\/\/eldiariodesanpedro.com.ar\/sitio\/wp-json\/wp\/v2\/media\/38111"}],"wp:attachment":[{"href":"https:\/\/eldiariodesanpedro.com.ar\/sitio\/wp-json\/wp\/v2\/media?parent=38110"}],"wp:term":[{"taxonomy":"category","embeddable":true,"href":"https:\/\/eldiariodesanpedro.com.ar\/sitio\/wp-json\/wp\/v2\/categories?post=38110"},{"taxonomy":"post_tag","embeddable":true,"href":"https:\/\/eldiariodesanpedro.com.ar\/sitio\/wp-json\/wp\/v2\/tags?post=38110"}],"curies":[{"name":"wp","href":"https:\/\/api.w.org\/{rel}","templated":true}]}}