{"id":38103,"date":"2018-08-10T10:07:25","date_gmt":"2018-08-10T13:07:25","guid":{"rendered":"https:\/\/eldiariodesanpedro.com.ar\/sitio\/?p=38103"},"modified":"2018-08-10T10:08:42","modified_gmt":"2018-08-10T13:08:42","slug":"el-paro-de-choferes-de-larga-distancia","status":"publish","type":"post","link":"https:\/\/eldiariodesanpedro.com.ar\/sitio\/el-paro-de-choferes-de-larga-distancia\/","title":{"rendered":"Paro de choferes de larga distancia"},"content":{"rendered":"<p><!-- VideographyWP Plugin Message: Automatic video embedding prevented by plugin options. --><br \/>\nLos choferes de cinco empresas de transporte de larga distancia instrumentan -desde el mi\u00e9rcoles- un paro por incumplimiento en el pago de sueldos. Las compa\u00f1\u00edas afectadas por la medida de fuerza son General Belgrano, Empresa Argentina, Chevallier, Urquiza y Sierras de C\u00f3rdoba. Sorpresa y bronca de los usuarios. Sorpresa y bronca entre los usuarios nicole\u00f1os.<\/p>\n<p>La Terminal de \u00f3mnibus hoy se encuentran con sus operaciones fuertemente reducidas en virtud del paro de actividades que desde el mi\u00e9rcoles viene implementando la UTA nacional para el servicio de larga distancia. La medida afecta a cinco empresas que tienen mucha actividad en nuestra ciudad, General Belgrano, Empresa Argentina, Chevallier, Urquiza y Sierras de C\u00f3rdoba. Esto ha provocado la sorpresa -y tambi\u00e9n bronca- de los nicole\u00f1os que llegan a las boleter\u00edas de estas compa\u00f1\u00edas y se encuentran con el cartel que anuncia la medida de fuerza.<\/p>\n<p>El paro es por tiempo indeterminado, seg\u00fan indicaron fuentes gremiales, ya que se adeudan sueldos de julio y medio aguinaldo. De acuerdo la informaci\u00f3n que se conoci\u00f3, las empresas ofrecieron pagar esa deuda en cuotas, pero eso fue rechazado por los trabajadores. Algunas -incluso- ofrecieron pagar los sueldos en cuatro cuotas dentro del mes.<\/p>\n<p>Uno de los problemas que dispararon la medida de fuerza es la abrupta baja en la venta de pasajes de colectivos de media y larga distancia, originada en parte por la crisis econ\u00f3mica y agravada ahora por las promociones de pasajes a\u00e9reos m\u00e1s baratos que los del colectivo, entre las l\u00edneas de bajo costo y la promoci\u00f3n de Aerol\u00edneas Argentinas\u00bb. En ese sentido, el gremio advirti\u00f3 que \u00abhay una gran cantidad de destinos del pa\u00eds en los que es m\u00e1s barato viajar en avi\u00f3n que en colectivo, por eso mucha gente saca pasajes a\u00e9reos, como la semana pasada, cuando colaps\u00f3 la p\u00e1gina de Aerol\u00edneas, que vend\u00eda pasajes a mitad de precio\u00bb.<\/p>\n<p>Poco rentables<br \/>\nEn los \u00faltimos 6 a\u00f1os perdieron la mitad de los pasajeros transportados. Pasaron de 53 millones en 2011 a 28 millones en 2017. Los micros salen con un promedio del 47% de pasajeros y saben que la quita del piso de tarifas a\u00e9reas los afectar\u00e1. Aseguran que s\u00f3lo el 10% son rentables. El sector est\u00e1 integrado por 100 empresas, todas nacionales y familiares. El 90% son peque\u00f1as y medianas. Dan trabajo a 15.000 trabajadores. Aseguran que varias despidieron personal, otras pagan los sueldos en cuotas y se endeudaron para pagar los aguinaldos.<\/p>\n<p>El Consejo Directivo Nacional de la Uni\u00f3n Tranviarios Automotor resolvi\u00f3 declarar un estado de \u201calerta general\u201d ante la situaci\u00f3n que afecta a 5.000 trabajadores de larga distancia por falta de pago de salarios. \u201cInstamos a los responsables de este incumplimiento a solucionar esta situaci\u00f3n con perentoria urgencia\u201d, dijo la entidad gremial que conduce Roberto Fern\u00e1ndez en un comunicado de prensa. El paro se llevar\u00e1 a cabo \u00abhasta que se efectivice el pago total de los haberes del mes de julio\u00bb, informaron del gremio.<\/p>\n<p>Fuente: <\/p>\n","protected":false},"excerpt":{"rendered":"<p>Los choferes de cinco empresas de transporte de larga distancia instrumentan -desde el mi\u00e9rcoles- un paro por incumplimiento en el pago de sueldos. Las compa\u00f1\u00edas afectadas por la medida de fuerza son General Belgrano, Empresa Argentina, Chevallier, Urquiza y Sierras de C\u00f3rdoba. Sorpresa y bronca de los usuarios. Sorpresa y bronca entre los usuarios nicole\u00f1os. [&hellip;]<\/p>\n","protected":false},"author":4,"featured_media":38104,"comment_status":"open","ping_status":"closed","sticky":false,"template":"","format":"standard","meta":{"om_disable_all_campaigns":false,"_jetpack_memberships_contains_paid_content":false,"footnotes":""},"categories":[621],"tags":[],"class_list":["post-38103","post","type-post","status-publish","format-standard","has-post-thumbnail","hentry","category-regionales"],"aioseo_notices":[],"gutentor_comment":0,"jetpack_featured_media_url":"https:\/\/eldiariodesanpedro.com.ar\/sitio\/wp-content\/uploads\/2018\/08\/1_20160801_1886184953.jpg","jetpack_shortlink":"https:\/\/wp.me\/p6RhLt-9Uz","jetpack_sharing_enabled":true,"_links":{"self":[{"href":"https:\/\/eldiariodesanpedro.com.ar\/sitio\/wp-json\/wp\/v2\/posts\/38103","targetHints":{"allow":["GET"]}}],"collection":[{"href":"https:\/\/eldiariodesanpedro.com.ar\/sitio\/wp-json\/wp\/v2\/posts"}],"about":[{"href":"https:\/\/eldiariodesanpedro.com.ar\/sitio\/wp-json\/wp\/v2\/types\/post"}],"author":[{"embeddable":true,"href":"https:\/\/eldiariodesanpedro.com.ar\/sitio\/wp-json\/wp\/v2\/users\/4"}],"replies":[{"embeddable":true,"href":"https:\/\/eldiariodesanpedro.com.ar\/sitio\/wp-json\/wp\/v2\/comments?post=38103"}],"version-history":[{"count":2,"href":"https:\/\/eldiariodesanpedro.com.ar\/sitio\/wp-json\/wp\/v2\/posts\/38103\/revisions"}],"predecessor-version":[{"id":38106,"href":"https:\/\/eldiariodesanpedro.com.ar\/sitio\/wp-json\/wp\/v2\/posts\/38103\/revisions\/38106"}],"wp:featuredmedia":[{"embeddable":true,"href":"https:\/\/eldiariodesanpedro.com.ar\/sitio\/wp-json\/wp\/v2\/media\/38104"}],"wp:attachment":[{"href":"https:\/\/eldiariodesanpedro.com.ar\/sitio\/wp-json\/wp\/v2\/media?parent=38103"}],"wp:term":[{"taxonomy":"category","embeddable":true,"href":"https:\/\/eldiariodesanpedro.com.ar\/sitio\/wp-json\/wp\/v2\/categories?post=38103"},{"taxonomy":"post_tag","embeddable":true,"href":"https:\/\/eldiariodesanpedro.com.ar\/sitio\/wp-json\/wp\/v2\/tags?post=38103"}],"curies":[{"name":"wp","href":"https:\/\/api.w.org\/{rel}","templated":true}]}}