{"id":38098,"date":"2018-08-10T09:47:35","date_gmt":"2018-08-10T12:47:35","guid":{"rendered":"https:\/\/eldiariodesanpedro.com.ar\/sitio\/?p=38098"},"modified":"2018-08-10T09:47:35","modified_gmt":"2018-08-10T12:47:35","slug":"gremios-docentes-solicitan-a-la-legislatura-que-declare-la-emergencia-educativa-en-la-provincia-de-buenos-aires","status":"publish","type":"post","link":"https:\/\/eldiariodesanpedro.com.ar\/sitio\/gremios-docentes-solicitan-a-la-legislatura-que-declare-la-emergencia-educativa-en-la-provincia-de-buenos-aires\/","title":{"rendered":"Gremios docentes solicitan a la Legislatura que declare la Emergencia Educativa en la provincia de Buenos Aires"},"content":{"rendered":"<p><!-- VideographyWP Plugin Message: Automatic video embedding prevented by plugin options. --><br \/>\nGremios docentes solicitan a la Legislatura que declare la Emergencia Educativa en todo el territorio de la provincia de Buenos Aires. La multa al Suteba, \u201cno es m\u00e1s que un apriete mafioso para acallar la lucha docente\u201d, dijo el diputado Miguel Funes.<\/p>\n<p>El Frente de Unidad Docente de la provincia de Buenos Aires, integrado por el SUTEBA, FEB, UDOCBA, SADOP, AMET y UDA, se reunieron con distintos diputados de la provincia de Buenos Aires para solicitarle que la Legislatura declare la Emergencia Educativa en todo el territorio de la provincia Buenos Aires.<\/p>\n<p>Por los gremios estuvieron Ra\u00fal Calamante, Silvia Almaz\u00e1n y Rosana Merlos, por el SUTEBA, entre otros; y por parte de los Legisladores estuvieron presente, Miguel Angel Funes, Juan Debandi; Susana Gonzales y Fernanda D\u00edaz, (Unidad Ciudadana); Rub\u00e9n Eslaiman, Ricardo Elizalde, Frente renovador) Guillermo Kane (Fit) y Alejandra Mart\u00ednez (Convicci\u00f3n Peronista).<\/p>\n<p>Al t\u00e9rmino de la reuni\u00f3n, el diputado provincial y presidente de la Comisi\u00f3n de Derechos Humanos, Miguel Funes, del bloque de Unidad Ciudadana, expres\u00f3 que \u201cvamos a insistir con una reuni\u00f3n urgente de la C\u00e1mara Baja para tratar todos los proyectos que revisten car\u00e1cter de urgencia en virtud de que cientos de escuelas est\u00e1n en estado cr\u00edtico\u201d<\/p>\n<p>Y remarc\u00f3 que \u201cel objetivo de acelerar la declaraci\u00f3n de emergencia educativa a fin de centralizar los proyectos de todos los bloques para ordenar la crisis escolar existente, tanto en infraestructura, comedores escolares, cobertura de cargos, equipamientos, en fin un conjunto de temas que hoy castigan a la comunidad\u201d.<\/p>\n<p>Por otra parte, Funes explico que \u201csomos muchas las fuerzas pol\u00edticas con representaci\u00f3n parlamentaria que estamos discutiendo la crisis que est\u00e1 atravesando el sistema escolar por lo que creo va a haber coincidencia en la declarar la Emergencia Educativa\u201d.<\/p>\n<p>Apriete mafioso<\/p>\n<p>El legislador indic\u00f3 que han recibido con gran preocupaci\u00f3n la denuncia que el SUTEBA viene haciendo por la persecuci\u00f3n pol\u00edtica llevada adelante por el Ministerio de Trabajo de la provincia de Buenos Aires que conduce Marcelo Villegas.<\/p>\n<p>En ese sentido, Funes asever\u00f3 que \u201cla cartera de trabajo est\u00e1 ausente en todos los conflictos laborales del territorio bonaerense pero se ocupa de multar a un gremio por no acatar una conciliaci\u00f3n obligatoria que a las claras es ilegal, ya que cualquier abogado laboralista sabe que el Suteba es un gremio de base de una organizaci\u00f3n nacional de segundo grado. La multa no es m\u00e1s que un apriete mafioso  para acallar la lucha docente\u201d.<\/p>\n<p>http:\/\/infogei.com.ar<\/p>\n","protected":false},"excerpt":{"rendered":"<p>Gremios docentes solicitan a la Legislatura que declare la Emergencia Educativa en todo el territorio de la provincia de Buenos Aires. La multa al Suteba, \u201cno es m\u00e1s que un apriete mafioso para acallar la lucha docente\u201d, dijo el diputado Miguel Funes. El Frente de Unidad Docente de la provincia de Buenos Aires, integrado por [&hellip;]<\/p>\n","protected":false},"author":4,"featured_media":38099,"comment_status":"open","ping_status":"closed","sticky":false,"template":"","format":"standard","meta":{"om_disable_all_campaigns":false,"_jetpack_memberships_contains_paid_content":false,"footnotes":""},"categories":[621],"tags":[],"class_list":["post-38098","post","type-post","status-publish","format-standard","has-post-thumbnail","hentry","category-regionales"],"aioseo_notices":[],"gutentor_comment":0,"jetpack_featured_media_url":"https:\/\/eldiariodesanpedro.com.ar\/sitio\/wp-content\/uploads\/2018\/08\/20180801152834_.Comunicado_FUDB_01082018_658x400.jpeg","jetpack_shortlink":"https:\/\/wp.me\/p6RhLt-9Uu","jetpack_sharing_enabled":true,"_links":{"self":[{"href":"https:\/\/eldiariodesanpedro.com.ar\/sitio\/wp-json\/wp\/v2\/posts\/38098","targetHints":{"allow":["GET"]}}],"collection":[{"href":"https:\/\/eldiariodesanpedro.com.ar\/sitio\/wp-json\/wp\/v2\/posts"}],"about":[{"href":"https:\/\/eldiariodesanpedro.com.ar\/sitio\/wp-json\/wp\/v2\/types\/post"}],"author":[{"embeddable":true,"href":"https:\/\/eldiariodesanpedro.com.ar\/sitio\/wp-json\/wp\/v2\/users\/4"}],"replies":[{"embeddable":true,"href":"https:\/\/eldiariodesanpedro.com.ar\/sitio\/wp-json\/wp\/v2\/comments?post=38098"}],"version-history":[{"count":1,"href":"https:\/\/eldiariodesanpedro.com.ar\/sitio\/wp-json\/wp\/v2\/posts\/38098\/revisions"}],"predecessor-version":[{"id":38100,"href":"https:\/\/eldiariodesanpedro.com.ar\/sitio\/wp-json\/wp\/v2\/posts\/38098\/revisions\/38100"}],"wp:featuredmedia":[{"embeddable":true,"href":"https:\/\/eldiariodesanpedro.com.ar\/sitio\/wp-json\/wp\/v2\/media\/38099"}],"wp:attachment":[{"href":"https:\/\/eldiariodesanpedro.com.ar\/sitio\/wp-json\/wp\/v2\/media?parent=38098"}],"wp:term":[{"taxonomy":"category","embeddable":true,"href":"https:\/\/eldiariodesanpedro.com.ar\/sitio\/wp-json\/wp\/v2\/categories?post=38098"},{"taxonomy":"post_tag","embeddable":true,"href":"https:\/\/eldiariodesanpedro.com.ar\/sitio\/wp-json\/wp\/v2\/tags?post=38098"}],"curies":[{"name":"wp","href":"https:\/\/api.w.org\/{rel}","templated":true}]}}