{"id":38093,"date":"2018-08-10T09:32:07","date_gmt":"2018-08-10T12:32:07","guid":{"rendered":"https:\/\/eldiariodesanpedro.com.ar\/sitio\/?p=38093"},"modified":"2018-08-10T09:32:07","modified_gmt":"2018-08-10T12:32:07","slug":"fue-a-buscar-el-dvd-de-su-hijo-y-su-ex-nuera-la-agredio-con-un-palo","status":"publish","type":"post","link":"https:\/\/eldiariodesanpedro.com.ar\/sitio\/fue-a-buscar-el-dvd-de-su-hijo-y-su-ex-nuera-la-agredio-con-un-palo\/","title":{"rendered":"Fue a buscar el DVD de su hijo y su ex nuera la agredi\u00f3 con un palo"},"content":{"rendered":"<p><!-- VideographyWP Plugin Message: Automatic video embedding prevented by plugin options. --><br \/>\nUna ciudadana de 49 a\u00f1os de edad, radico su denuncia en la Dependencia Local contando que fue a retirar las cosas de su hijo al domicilio de su ex nuera y la misma le propino golpes de pu\u00f1o en el brazo y la agredi\u00f3 con un palo de escoba en la cabeza.<\/p>\n<p>El conflicto ocurri\u00f3 en la puerta del domicilio de la agresora luego que le entregara un DVD perteneciente a su hijo; en el caso interviene la Fiscalia N\u00b011 de la Dr Ramos.<\/p>\n","protected":false},"excerpt":{"rendered":"<p>Una ciudadana de 49 a\u00f1os de edad, radico su denuncia en la Dependencia Local contando que fue a retirar las cosas de su hijo al domicilio de su ex nuera y la misma le propino golpes de pu\u00f1o en el brazo y la agredi\u00f3 con un palo de escoba en la cabeza. El conflicto ocurri\u00f3 [&hellip;]<\/p>\n","protected":false},"author":4,"featured_media":38094,"comment_status":"open","ping_status":"closed","sticky":false,"template":"","format":"standard","meta":{"om_disable_all_campaigns":false,"_jetpack_memberships_contains_paid_content":false,"footnotes":""},"categories":[2,103],"tags":[],"class_list":["post-38093","post","type-post","status-publish","format-standard","has-post-thumbnail","hentry","category-locales","category-policiales-locales"],"aioseo_notices":[],"gutentor_comment":0,"jetpack_featured_media_url":"https:\/\/eldiariodesanpedro.com.ar\/sitio\/wp-content\/uploads\/2018\/08\/palo-de-escoba.jpg","jetpack_shortlink":"https:\/\/wp.me\/p6RhLt-9Up","jetpack_sharing_enabled":true,"_links":{"self":[{"href":"https:\/\/eldiariodesanpedro.com.ar\/sitio\/wp-json\/wp\/v2\/posts\/38093","targetHints":{"allow":["GET"]}}],"collection":[{"href":"https:\/\/eldiariodesanpedro.com.ar\/sitio\/wp-json\/wp\/v2\/posts"}],"about":[{"href":"https:\/\/eldiariodesanpedro.com.ar\/sitio\/wp-json\/wp\/v2\/types\/post"}],"author":[{"embeddable":true,"href":"https:\/\/eldiariodesanpedro.com.ar\/sitio\/wp-json\/wp\/v2\/users\/4"}],"replies":[{"embeddable":true,"href":"https:\/\/eldiariodesanpedro.com.ar\/sitio\/wp-json\/wp\/v2\/comments?post=38093"}],"version-history":[{"count":1,"href":"https:\/\/eldiariodesanpedro.com.ar\/sitio\/wp-json\/wp\/v2\/posts\/38093\/revisions"}],"predecessor-version":[{"id":38095,"href":"https:\/\/eldiariodesanpedro.com.ar\/sitio\/wp-json\/wp\/v2\/posts\/38093\/revisions\/38095"}],"wp:featuredmedia":[{"embeddable":true,"href":"https:\/\/eldiariodesanpedro.com.ar\/sitio\/wp-json\/wp\/v2\/media\/38094"}],"wp:attachment":[{"href":"https:\/\/eldiariodesanpedro.com.ar\/sitio\/wp-json\/wp\/v2\/media?parent=38093"}],"wp:term":[{"taxonomy":"category","embeddable":true,"href":"https:\/\/eldiariodesanpedro.com.ar\/sitio\/wp-json\/wp\/v2\/categories?post=38093"},{"taxonomy":"post_tag","embeddable":true,"href":"https:\/\/eldiariodesanpedro.com.ar\/sitio\/wp-json\/wp\/v2\/tags?post=38093"}],"curies":[{"name":"wp","href":"https:\/\/api.w.org\/{rel}","templated":true}]}}