{"id":38088,"date":"2018-08-10T09:21:43","date_gmt":"2018-08-10T12:21:43","guid":{"rendered":"https:\/\/eldiariodesanpedro.com.ar\/sitio\/?p=38088"},"modified":"2018-08-10T09:21:43","modified_gmt":"2018-08-10T12:21:43","slug":"siguen-los-conflictos-en-el-barrio-las-malvinas","status":"publish","type":"post","link":"https:\/\/eldiariodesanpedro.com.ar\/sitio\/siguen-los-conflictos-en-el-barrio-las-malvinas\/","title":{"rendered":"Siguen los conflictos en el Barrio Las Malvinas"},"content":{"rendered":"<p><!-- VideographyWP Plugin Message: Automatic video embedding prevented by plugin options. --><br \/>\nNuevamente los conflictos en Barrio Las Malvinas no dejan de tener su protagonismo, este jueves por la tarde personal policial es alertado por conflictos armados entre familiares y vecinos.<\/p>\n<p>Esta vez en intersecci\u00f3n de las calles Javier Rivero y General Pueyrred\u00f3n  fue aprehendido un malviviente de 33 a\u00f1os de edad con frondosos antecedentes penales, secuestr\u00e1ndosele en su poder una  cuchilla de cocina, con la cual instantes antes ingresara al domicilio y amenazara a una mujer de 32  y al  entorno Familiar que se encontraba en la vivienda; las causas son por problemas de larga data en conflicto familiar donde una vez tambi\u00e9n en una balacera termino muerto el perro de una de ellas.<\/p>\n<p>El agresor circulaba en una moto la cual fue secuestrada; interviene UFI N\u00b0 11 San Pedro, disponiendo para con el aprehendido la notificaci\u00f3n de una nueva causa \u00abaprehensi\u00f3n por amenazas calificadas\u00bb y alojamiento en la Dependencia a su disposici\u00f3n.<\/p>\n","protected":false},"excerpt":{"rendered":"<p>Nuevamente los conflictos en Barrio Las Malvinas no dejan de tener su protagonismo, este jueves por la tarde personal policial es alertado por conflictos armados entre familiares y vecinos. Esta vez en intersecci\u00f3n de las calles Javier Rivero y General Pueyrred\u00f3n fue aprehendido un malviviente de 33 a\u00f1os de edad con frondosos antecedentes penales, secuestr\u00e1ndosele [&hellip;]<\/p>\n","protected":false},"author":4,"featured_media":38089,"comment_status":"open","ping_status":"closed","sticky":false,"template":"","format":"standard","meta":{"om_disable_all_campaigns":false,"_jetpack_memberships_contains_paid_content":false,"footnotes":""},"categories":[50,2,103],"tags":[],"class_list":["post-38088","post","type-post","status-publish","format-standard","has-post-thumbnail","hentry","category-destacadas","category-locales","category-policiales-locales"],"aioseo_notices":[],"gutentor_comment":0,"jetpack_featured_media_url":"https:\/\/eldiariodesanpedro.com.ar\/sitio\/wp-content\/uploads\/2018\/08\/cuchilla.jpg","jetpack_shortlink":"https:\/\/wp.me\/p6RhLt-9Uk","jetpack_sharing_enabled":true,"_links":{"self":[{"href":"https:\/\/eldiariodesanpedro.com.ar\/sitio\/wp-json\/wp\/v2\/posts\/38088","targetHints":{"allow":["GET"]}}],"collection":[{"href":"https:\/\/eldiariodesanpedro.com.ar\/sitio\/wp-json\/wp\/v2\/posts"}],"about":[{"href":"https:\/\/eldiariodesanpedro.com.ar\/sitio\/wp-json\/wp\/v2\/types\/post"}],"author":[{"embeddable":true,"href":"https:\/\/eldiariodesanpedro.com.ar\/sitio\/wp-json\/wp\/v2\/users\/4"}],"replies":[{"embeddable":true,"href":"https:\/\/eldiariodesanpedro.com.ar\/sitio\/wp-json\/wp\/v2\/comments?post=38088"}],"version-history":[{"count":1,"href":"https:\/\/eldiariodesanpedro.com.ar\/sitio\/wp-json\/wp\/v2\/posts\/38088\/revisions"}],"predecessor-version":[{"id":38090,"href":"https:\/\/eldiariodesanpedro.com.ar\/sitio\/wp-json\/wp\/v2\/posts\/38088\/revisions\/38090"}],"wp:featuredmedia":[{"embeddable":true,"href":"https:\/\/eldiariodesanpedro.com.ar\/sitio\/wp-json\/wp\/v2\/media\/38089"}],"wp:attachment":[{"href":"https:\/\/eldiariodesanpedro.com.ar\/sitio\/wp-json\/wp\/v2\/media?parent=38088"}],"wp:term":[{"taxonomy":"category","embeddable":true,"href":"https:\/\/eldiariodesanpedro.com.ar\/sitio\/wp-json\/wp\/v2\/categories?post=38088"},{"taxonomy":"post_tag","embeddable":true,"href":"https:\/\/eldiariodesanpedro.com.ar\/sitio\/wp-json\/wp\/v2\/tags?post=38088"}],"curies":[{"name":"wp","href":"https:\/\/api.w.org\/{rel}","templated":true}]}}