{"id":38085,"date":"2018-08-10T09:02:11","date_gmt":"2018-08-10T12:02:11","guid":{"rendered":"https:\/\/eldiariodesanpedro.com.ar\/sitio\/?p=38085"},"modified":"2018-08-10T09:02:11","modified_gmt":"2018-08-10T12:02:11","slug":"dos-jovenes-quisieron-evadir-el-control-vehicular-y-fueron-aprendidas","status":"publish","type":"post","link":"https:\/\/eldiariodesanpedro.com.ar\/sitio\/dos-jovenes-quisieron-evadir-el-control-vehicular-y-fueron-aprendidas\/","title":{"rendered":"Dos j\u00f3venes quisieron evadir el control vehicular y fueron aprendidas"},"content":{"rendered":"<p><!-- VideographyWP Plugin Message: Automatic video embedding prevented by plugin options. --><br \/>\nEn la tarde del jueves, personal policial en conjunto con personal de inspecci\u00f3n, en un  marco de operativo en calle Pellegrini N\u00b0 670, aprehendi\u00f3 dos j\u00f3venes hermanas de 26 y 22 a\u00f1os de edad, quienes circulaban en una motocicleta Brava 110 cc e intentaban evadir control policial y  tratando de embestir al personal.<\/p>\n<p>Trasladadas hasta seccional Policial juntamente a un menor de 6 a\u00f1os hijo de la de 26, fines su resguardo donde la  UFI N\u00b011 dispone para con aprehendidas notificaci\u00f3n por el delito y posterior libertad.<\/p>\n","protected":false},"excerpt":{"rendered":"<p>En la tarde del jueves, personal policial en conjunto con personal de inspecci\u00f3n, en un marco de operativo en calle Pellegrini N\u00b0 670, aprehendi\u00f3 dos j\u00f3venes hermanas de 26 y 22 a\u00f1os de edad, quienes circulaban en una motocicleta Brava 110 cc e intentaban evadir control policial y tratando de embestir al personal. Trasladadas hasta [&hellip;]<\/p>\n","protected":false},"author":4,"featured_media":13372,"comment_status":"open","ping_status":"closed","sticky":false,"template":"","format":"standard","meta":{"om_disable_all_campaigns":false,"_jetpack_memberships_contains_paid_content":false,"footnotes":""},"categories":[2,103],"tags":[],"class_list":["post-38085","post","type-post","status-publish","format-standard","has-post-thumbnail","hentry","category-locales","category-policiales-locales"],"aioseo_notices":[],"gutentor_comment":0,"jetpack_featured_media_url":"https:\/\/eldiariodesanpedro.com.ar\/sitio\/wp-content\/uploads\/2017\/01\/Patrulla-4-e1485286120389.jpg","jetpack_shortlink":"https:\/\/wp.me\/p6RhLt-9Uh","jetpack_sharing_enabled":true,"_links":{"self":[{"href":"https:\/\/eldiariodesanpedro.com.ar\/sitio\/wp-json\/wp\/v2\/posts\/38085","targetHints":{"allow":["GET"]}}],"collection":[{"href":"https:\/\/eldiariodesanpedro.com.ar\/sitio\/wp-json\/wp\/v2\/posts"}],"about":[{"href":"https:\/\/eldiariodesanpedro.com.ar\/sitio\/wp-json\/wp\/v2\/types\/post"}],"author":[{"embeddable":true,"href":"https:\/\/eldiariodesanpedro.com.ar\/sitio\/wp-json\/wp\/v2\/users\/4"}],"replies":[{"embeddable":true,"href":"https:\/\/eldiariodesanpedro.com.ar\/sitio\/wp-json\/wp\/v2\/comments?post=38085"}],"version-history":[{"count":1,"href":"https:\/\/eldiariodesanpedro.com.ar\/sitio\/wp-json\/wp\/v2\/posts\/38085\/revisions"}],"predecessor-version":[{"id":38087,"href":"https:\/\/eldiariodesanpedro.com.ar\/sitio\/wp-json\/wp\/v2\/posts\/38085\/revisions\/38087"}],"wp:featuredmedia":[{"embeddable":true,"href":"https:\/\/eldiariodesanpedro.com.ar\/sitio\/wp-json\/wp\/v2\/media\/13372"}],"wp:attachment":[{"href":"https:\/\/eldiariodesanpedro.com.ar\/sitio\/wp-json\/wp\/v2\/media?parent=38085"}],"wp:term":[{"taxonomy":"category","embeddable":true,"href":"https:\/\/eldiariodesanpedro.com.ar\/sitio\/wp-json\/wp\/v2\/categories?post=38085"},{"taxonomy":"post_tag","embeddable":true,"href":"https:\/\/eldiariodesanpedro.com.ar\/sitio\/wp-json\/wp\/v2\/tags?post=38085"}],"curies":[{"name":"wp","href":"https:\/\/api.w.org\/{rel}","templated":true}]}}