{"id":38082,"date":"2018-08-10T08:42:35","date_gmt":"2018-08-10T11:42:35","guid":{"rendered":"https:\/\/eldiariodesanpedro.com.ar\/sitio\/?p=38082"},"modified":"2018-08-10T09:24:17","modified_gmt":"2018-08-10T12:24:17","slug":"golpeo-a-su-pareja-y-al-hijo-en-la-guardia-del-hospital","status":"publish","type":"post","link":"https:\/\/eldiariodesanpedro.com.ar\/sitio\/golpeo-a-su-pareja-y-al-hijo-en-la-guardia-del-hospital\/","title":{"rendered":"Golpeo a su pareja y al hijo en la Guardia del Hospital"},"content":{"rendered":"<p><!-- VideographyWP Plugin Message: Automatic video embedding prevented by plugin options. --><br \/>\nEl violento hecho ocurri\u00f3 este jueves cuando una mujer de 34 a\u00f1os de edad se encontraba con su hijo de 12 en la Guardia del Nosocomio Local cuando repentinamente aparece su pareja y los agrede f\u00edsicamente.<\/p>\n<p>El agresor es un ciudadano de 32 a\u00f1os fue reducido por personal de las polic\u00edas Bonaerense y Local y trasladado a la comisar\u00eda donde permanece alojado a disposici\u00f3n de la Fiscal\u00eda N\u00b0 11, mientras que a sus v\u00edctimas las asistieron en la Comisaria de la Mujer y la Familia.<\/p>\n","protected":false},"excerpt":{"rendered":"<p>El violento hecho ocurri\u00f3 este jueves cuando una mujer de 34 a\u00f1os de edad se encontraba con su hijo de 12 en la Guardia del Nosocomio Local cuando repentinamente aparece su pareja y los agrede f\u00edsicamente. El agresor es un ciudadano de 32 a\u00f1os fue reducido por personal de las polic\u00edas Bonaerense y Local y [&hellip;]<\/p>\n","protected":false},"author":4,"featured_media":38083,"comment_status":"open","ping_status":"closed","sticky":false,"template":"","format":"standard","meta":{"om_disable_all_campaigns":false,"_jetpack_memberships_contains_paid_content":false,"footnotes":""},"categories":[2,103],"tags":[],"class_list":["post-38082","post","type-post","status-publish","format-standard","has-post-thumbnail","hentry","category-locales","category-policiales-locales"],"aioseo_notices":[],"gutentor_comment":0,"jetpack_featured_media_url":"https:\/\/eldiariodesanpedro.com.ar\/sitio\/wp-content\/uploads\/2018\/08\/violencia-familiar.jpg","jetpack_shortlink":"https:\/\/wp.me\/p6RhLt-9Ue","jetpack_sharing_enabled":true,"_links":{"self":[{"href":"https:\/\/eldiariodesanpedro.com.ar\/sitio\/wp-json\/wp\/v2\/posts\/38082","targetHints":{"allow":["GET"]}}],"collection":[{"href":"https:\/\/eldiariodesanpedro.com.ar\/sitio\/wp-json\/wp\/v2\/posts"}],"about":[{"href":"https:\/\/eldiariodesanpedro.com.ar\/sitio\/wp-json\/wp\/v2\/types\/post"}],"author":[{"embeddable":true,"href":"https:\/\/eldiariodesanpedro.com.ar\/sitio\/wp-json\/wp\/v2\/users\/4"}],"replies":[{"embeddable":true,"href":"https:\/\/eldiariodesanpedro.com.ar\/sitio\/wp-json\/wp\/v2\/comments?post=38082"}],"version-history":[{"count":2,"href":"https:\/\/eldiariodesanpedro.com.ar\/sitio\/wp-json\/wp\/v2\/posts\/38082\/revisions"}],"predecessor-version":[{"id":38092,"href":"https:\/\/eldiariodesanpedro.com.ar\/sitio\/wp-json\/wp\/v2\/posts\/38082\/revisions\/38092"}],"wp:featuredmedia":[{"embeddable":true,"href":"https:\/\/eldiariodesanpedro.com.ar\/sitio\/wp-json\/wp\/v2\/media\/38083"}],"wp:attachment":[{"href":"https:\/\/eldiariodesanpedro.com.ar\/sitio\/wp-json\/wp\/v2\/media?parent=38082"}],"wp:term":[{"taxonomy":"category","embeddable":true,"href":"https:\/\/eldiariodesanpedro.com.ar\/sitio\/wp-json\/wp\/v2\/categories?post=38082"},{"taxonomy":"post_tag","embeddable":true,"href":"https:\/\/eldiariodesanpedro.com.ar\/sitio\/wp-json\/wp\/v2\/tags?post=38082"}],"curies":[{"name":"wp","href":"https:\/\/api.w.org\/{rel}","templated":true}]}}