{"id":38074,"date":"2018-08-09T20:47:23","date_gmt":"2018-08-09T23:47:23","guid":{"rendered":"https:\/\/eldiariodesanpedro.com.ar\/sitio\/?p=38074"},"modified":"2026-01-24T00:11:17","modified_gmt":"2026-01-24T03:11:17","slug":"boxeo-noche-cargada-de-recuerdos-para-los-amantes-del-boxeo","status":"publish","type":"post","link":"https:\/\/eldiariodesanpedro.com.ar\/sitio\/boxeo-noche-cargada-de-recuerdos-para-los-amantes-del-boxeo\/","title":{"rendered":"BOXEO: Noche cargada de recuerdos para los amantes del boxeo"},"content":{"rendered":"<p><!-- VideographyWP Plugin Message: Automatic video embedding prevented by plugin options. --><br \/>\n  Se est\u00e1 preparando una cena donde el recuerdo y los buenos momentos ser\u00e1n, sin dudas, la vedette de la noche para los amantes del deporte de los pu\u00f1os, adem\u00e1s, habr\u00e1 reconocimientos a ex y actuales boxeadores. <\/p>\n<p>  Carlos Vargas, ya se encuentra trabajando para poder reunir a gente que estuvo ligada al boxeo sampedrino a trav\u00e9s de su historia y actuales, GyM y gimnasios de clubes que reciben a esta disciplina deportiva, entrenadores, boxeadores, jurados, \u00e1rbitros, etc. <\/p>\n<p>  Con Vargas dialogamos para conocer, mayores detalles y nos cont\u00f3: \u201cEstamos contactando con ex boxeadores y todo aquel que estuvo ligado a la actividad para invitarlos a participar de una noche que ser\u00e1 inolvidable para quienes amamos este deporte, habr\u00e1 muchas sorpresas y reconocimientos, creo que es una buena manera de poder reunir a toda la gente que alguna vez nos hizo so\u00f1ar y disfrutar y tambi\u00e9n a los actuales, ya que San Pedro cuenta con seis gimnasios que hoy practican boxeo, con una cantidad de chicos muy importante y con varias promesas\u201d. <\/p>\n<p>  \u201cCentella\u201d Vargas fue boxeador, en su rinc\u00f3n lo tuvo a Don Abelardo Castillo, realizando una gran campa\u00f1a como aficionado (arranc\u00f3 a los 14 a\u00f1os) y una docena de peleas como profesional, mostrando siempre un gran estado f\u00edsico y condiciones t\u00e9cnicas importantes que desde hace 20 a\u00f1os las traslad\u00f3 a la ense\u00f1anza, y eso tambi\u00e9n ser\u00e1 motivo de festejo.<\/p>\n<p>  Fue protagonista de la primera pelea de profesionales sampedrinos entre s\u00ed, en Defensores Unidos se enfrent\u00f3 a Gustavo Villalba (Hnos Ibarrolla) en el a\u00f1o 1994.<\/p>\n<p>  Su debut en la cat. mediano liviano como profesional fue ante el santafesino Juan C. Monz\u00f3n, a quien super\u00f3 por puntos en el a\u00f1o 1992. Entre sus peleas se destaca con el tandilense Fabi\u00e1n Saporiti, boxeador que algunos a\u00f1os despu\u00e9s combati\u00f3 por la corona del mundo. <\/p>\n<p>  El ex boxeador lleva la disciplina a centros barriales, cumpliendo una gran funci\u00f3n social, que a veces tiene el apoyo del estado y en otra no, pero nunca bajo los brazos, cuando deja el \u201cbalde y la cuchara\u201d de su trabajo particular, no hay descanso, varias horas al d\u00eda se los dedica a sus \u201calumnos\u201d.<\/p>\n<p>Varios son los lugares donde dicta clases: En el CIC de 17:00 a 18:30 Horas. En GyM de Sarmiento 1155 de 20:00 a 21:00 hs y en el gimnasio de Lorenzo Garc\u00eda 21:30 a 22:30 horas, aunque en estos momentos por el fr\u00edo y el horario no lo hace all\u00ed.<\/p>\n<p>  El encuentro ya tiene fecha y lugar, ser\u00e1 el viernes 19 de octubre en el local de Bv. Moreno 996. Para aquellos que deseen estar presentes esa noche, contactarse con Vargas al Tel. 3329-477521. <\/p>\n","protected":false},"excerpt":{"rendered":"<p>Se est\u00e1 preparando una cena donde el recuerdo y los buenos momentos ser\u00e1n, sin dudas, la vedette de la noche para los amantes del deporte de los pu\u00f1os, adem\u00e1s, habr\u00e1 reconocimientos a ex y actuales boxeadores. Carlos Vargas, ya se encuentra trabajando para poder reunir a gente que estuvo ligada al boxeo sampedrino a trav\u00e9s [&hellip;]<\/p>\n","protected":false},"author":4,"featured_media":5515,"comment_status":"open","ping_status":"closed","sticky":false,"template":"","format":"standard","meta":{"om_disable_all_campaigns":false,"_jetpack_memberships_contains_paid_content":false,"footnotes":""},"categories":[5],"tags":[],"class_list":["post-38074","post","type-post","status-publish","format-standard","has-post-thumbnail","hentry","category-deportes"],"aioseo_notices":[],"gutentor_comment":0,"jetpack_featured_media_url":"https:\/\/eldiariodesanpedro.com.ar\/sitio\/wp-content\/uploads\/2016\/06\/boxeo.jpg","jetpack_shortlink":"https:\/\/wp.me\/p6RhLt-9U6","jetpack_sharing_enabled":true,"_links":{"self":[{"href":"https:\/\/eldiariodesanpedro.com.ar\/sitio\/wp-json\/wp\/v2\/posts\/38074","targetHints":{"allow":["GET"]}}],"collection":[{"href":"https:\/\/eldiariodesanpedro.com.ar\/sitio\/wp-json\/wp\/v2\/posts"}],"about":[{"href":"https:\/\/eldiariodesanpedro.com.ar\/sitio\/wp-json\/wp\/v2\/types\/post"}],"author":[{"embeddable":true,"href":"https:\/\/eldiariodesanpedro.com.ar\/sitio\/wp-json\/wp\/v2\/users\/4"}],"replies":[{"embeddable":true,"href":"https:\/\/eldiariodesanpedro.com.ar\/sitio\/wp-json\/wp\/v2\/comments?post=38074"}],"version-history":[{"count":1,"href":"https:\/\/eldiariodesanpedro.com.ar\/sitio\/wp-json\/wp\/v2\/posts\/38074\/revisions"}],"predecessor-version":[{"id":38076,"href":"https:\/\/eldiariodesanpedro.com.ar\/sitio\/wp-json\/wp\/v2\/posts\/38074\/revisions\/38076"}],"wp:featuredmedia":[{"embeddable":true,"href":"https:\/\/eldiariodesanpedro.com.ar\/sitio\/wp-json\/wp\/v2\/media\/5515"}],"wp:attachment":[{"href":"https:\/\/eldiariodesanpedro.com.ar\/sitio\/wp-json\/wp\/v2\/media?parent=38074"}],"wp:term":[{"taxonomy":"category","embeddable":true,"href":"https:\/\/eldiariodesanpedro.com.ar\/sitio\/wp-json\/wp\/v2\/categories?post=38074"},{"taxonomy":"post_tag","embeddable":true,"href":"https:\/\/eldiariodesanpedro.com.ar\/sitio\/wp-json\/wp\/v2\/tags?post=38074"}],"curies":[{"name":"wp","href":"https:\/\/api.w.org\/{rel}","templated":true}]}}