{"id":38069,"date":"2018-08-09T20:43:18","date_gmt":"2018-08-09T23:43:18","guid":{"rendered":"https:\/\/eldiariodesanpedro.com.ar\/sitio\/?p=38069"},"modified":"2026-01-24T00:11:17","modified_gmt":"2026-01-24T03:11:17","slug":"ciclismo-garcia-y-boaglio-en-el-podio-de-chacabuco","status":"publish","type":"post","link":"https:\/\/eldiariodesanpedro.com.ar\/sitio\/ciclismo-garcia-y-boaglio-en-el-podio-de-chacabuco\/","title":{"rendered":"CICLISMO: Garc\u00eda y Boaglio en el podio de Chacabuco"},"content":{"rendered":"<p><!-- VideographyWP Plugin Message: Automatic video embedding prevented by plugin options. --><br \/>\nSe realiz\u00f3 en la pista Municipal de la ciudad de Chacabuco el 4\u00b0 Gran Premio Ciudad de Chacabuco, cont\u00f3 con la organizaci\u00f3n de la Agrupaci\u00f3n Ciclistas Unidos de Chacabuco y fue fiscalizado por la Asociaci\u00f3n Ciclista Juninense.<br \/>\n  La prueba central para Elite \u2013 Sub 23 \u2013 M\u00e1ster A y Junior, el equipo Televisivo, a trav\u00e9s del local Fernando Gil Maidana y todos sus compa\u00f1eros coparon el podio.<\/p>\n<p>  Los sampedrinos, Ignacio Garc\u00eda y Daniel Boaglio de subrayada participaci\u00f3n, fueron 2do. y 3ro. respectivamente.<\/p>\n<p><strong>Inactivos Mayores de 38 a\u00f1os<\/strong><br \/>\n1\u00b0 H\u00e9ctor Bel\u00e9n (Gral. Pinto)<br \/>\n2\u00b0 Mauricio Gim\u00e9nez (Gral. Pinto)<br \/>\n3\u00b0 Daniel Boaglio (San Pedro)<br \/>\n4\u00b0 Miguel Ayala (Col\u00f3n)<br \/>\n5\u00b0 Miguel Cirulli (Col\u00f3n)<\/p>\n<p><strong>Inactivos Menores de 38 a\u00f1os<\/strong><br \/>\n1\u00b0 Juan Sinforoso (Col\u00f3n)<br \/>\n2\u00b0 Ignacio Garc\u00eda (Santa Luc\u00eda)<br \/>\n3\u00b0 Dami\u00e1n Payero (Pehuaj\u00f3)<br \/>\n4\u00b0 Juan Levipe (Chacabuco)<br \/>\n5\u00b0 Hern\u00e1n Vallejos (Col\u00f3n)<\/p>\n","protected":false},"excerpt":{"rendered":"<p>Se realiz\u00f3 en la pista Municipal de la ciudad de Chacabuco el 4\u00b0 Gran Premio Ciudad de Chacabuco, cont\u00f3 con la organizaci\u00f3n de la Agrupaci\u00f3n Ciclistas Unidos de Chacabuco y fue fiscalizado por la Asociaci\u00f3n Ciclista Juninense. La prueba central para Elite \u2013 Sub 23 \u2013 M\u00e1ster A y Junior, el equipo Televisivo, a trav\u00e9s [&hellip;]<\/p>\n","protected":false},"author":4,"featured_media":24046,"comment_status":"open","ping_status":"closed","sticky":false,"template":"","format":"standard","meta":{"om_disable_all_campaigns":false,"_jetpack_memberships_contains_paid_content":false,"footnotes":""},"categories":[5],"tags":[],"class_list":["post-38069","post","type-post","status-publish","format-standard","has-post-thumbnail","hentry","category-deportes"],"aioseo_notices":[],"gutentor_comment":0,"jetpack_featured_media_url":"https:\/\/eldiariodesanpedro.com.ar\/sitio\/wp-content\/uploads\/2017\/10\/ciclismo-2.jpg","jetpack_shortlink":"https:\/\/wp.me\/p6RhLt-9U1","jetpack_sharing_enabled":true,"_links":{"self":[{"href":"https:\/\/eldiariodesanpedro.com.ar\/sitio\/wp-json\/wp\/v2\/posts\/38069","targetHints":{"allow":["GET"]}}],"collection":[{"href":"https:\/\/eldiariodesanpedro.com.ar\/sitio\/wp-json\/wp\/v2\/posts"}],"about":[{"href":"https:\/\/eldiariodesanpedro.com.ar\/sitio\/wp-json\/wp\/v2\/types\/post"}],"author":[{"embeddable":true,"href":"https:\/\/eldiariodesanpedro.com.ar\/sitio\/wp-json\/wp\/v2\/users\/4"}],"replies":[{"embeddable":true,"href":"https:\/\/eldiariodesanpedro.com.ar\/sitio\/wp-json\/wp\/v2\/comments?post=38069"}],"version-history":[{"count":2,"href":"https:\/\/eldiariodesanpedro.com.ar\/sitio\/wp-json\/wp\/v2\/posts\/38069\/revisions"}],"predecessor-version":[{"id":38072,"href":"https:\/\/eldiariodesanpedro.com.ar\/sitio\/wp-json\/wp\/v2\/posts\/38069\/revisions\/38072"}],"wp:featuredmedia":[{"embeddable":true,"href":"https:\/\/eldiariodesanpedro.com.ar\/sitio\/wp-json\/wp\/v2\/media\/24046"}],"wp:attachment":[{"href":"https:\/\/eldiariodesanpedro.com.ar\/sitio\/wp-json\/wp\/v2\/media?parent=38069"}],"wp:term":[{"taxonomy":"category","embeddable":true,"href":"https:\/\/eldiariodesanpedro.com.ar\/sitio\/wp-json\/wp\/v2\/categories?post=38069"},{"taxonomy":"post_tag","embeddable":true,"href":"https:\/\/eldiariodesanpedro.com.ar\/sitio\/wp-json\/wp\/v2\/tags?post=38069"}],"curies":[{"name":"wp","href":"https:\/\/api.w.org\/{rel}","templated":true}]}}