{"id":38060,"date":"2018-08-09T20:39:05","date_gmt":"2018-08-09T23:39:05","guid":{"rendered":"https:\/\/eldiariodesanpedro.com.ar\/sitio\/?p=38060"},"modified":"2026-01-24T00:11:17","modified_gmt":"2026-01-24T03:11:17","slug":"patin-carrera-bustos-logro-cinco-medallas-en-el-torneo-cono-sur-y-de-federaciones","status":"publish","type":"post","link":"https:\/\/eldiariodesanpedro.com.ar\/sitio\/patin-carrera-bustos-logro-cinco-medallas-en-el-torneo-cono-sur-y-de-federaciones\/","title":{"rendered":"PAT\u00cdN CARRERA: Bustos logr\u00f3 cinco medallas en el Torneo Cono Sur y de Federaciones"},"content":{"rendered":"<p><!-- VideographyWP Plugin Message: Automatic video embedding prevented by plugin options. --><br \/>\n  Fue en Neuqu\u00e9n durante el pasado fin de semana donde dos sampedrinas nos representaron, son ellas las ni\u00f1as Magdalena Bustos (logr\u00f3 tres medallas de Bronce en los 100 mts y 400 mts en Ruta y dos de Plata 200 mts y 800 mts) y Eluney Prado. El certamen recibi\u00f3 a deportistas de todo el pa\u00eds en el argentino de Federaciones y Cono Sur. <\/p>\n<p><img decoding=\"async\" data-attachment-id=\"38064\" data-permalink=\"https:\/\/eldiariodesanpedro.com.ar\/sitio\/patin-carrera-bustos-logro-cinco-medallas-en-el-torneo-cono-sur-y-de-federaciones\/las-pequenas-representantes-sampedrinas-en-neuquen\/\" data-orig-file=\"https:\/\/eldiariodesanpedro.com.ar\/sitio\/wp-content\/uploads\/2018\/08\/Las-peque\u00f1as-representantes-sampedrinas-en-Neuqu\u00e9n.jpg\" data-orig-size=\"720,960\" data-comments-opened=\"1\" data-image-meta=\"{&quot;aperture&quot;:&quot;0&quot;,&quot;credit&quot;:&quot;&quot;,&quot;camera&quot;:&quot;&quot;,&quot;caption&quot;:&quot;&quot;,&quot;created_timestamp&quot;:&quot;0&quot;,&quot;copyright&quot;:&quot;&quot;,&quot;focal_length&quot;:&quot;0&quot;,&quot;iso&quot;:&quot;0&quot;,&quot;shutter_speed&quot;:&quot;0&quot;,&quot;title&quot;:&quot;&quot;,&quot;orientation&quot;:&quot;0&quot;}\" data-image-title=\"Las peque\u00f1as representantes sampedrinas en Neuqu\u00e9n\" data-image-description=\"\" data-image-caption=\"\" data-large-file=\"https:\/\/eldiariodesanpedro.com.ar\/sitio\/wp-content\/uploads\/2018\/08\/Las-peque\u00f1as-representantes-sampedrinas-en-Neuqu\u00e9n.jpg\" data-src=\"https:\/\/eldiariodesanpedro.com.ar\/sitio\/wp-content\/uploads\/2018\/08\/Las-peque\u00f1as-representantes-sampedrinas-en-Neuqu\u00e9n.jpg\" alt=\"\" width=\"720\" height=\"960\" class=\"alignnone size-full wp-image-38064 lazyload\" data-srcset=\"https:\/\/eldiariodesanpedro.com.ar\/sitio\/wp-content\/uploads\/2018\/08\/Las-peque\u00f1as-representantes-sampedrinas-en-Neuqu\u00e9n.jpg 720w, https:\/\/eldiariodesanpedro.com.ar\/sitio\/wp-content\/uploads\/2018\/08\/Las-peque\u00f1as-representantes-sampedrinas-en-Neuqu\u00e9n-225x300.jpg 225w\" data-sizes=\"(max-width: 720px) 100vw, 720px\" src=\"data:image\/svg+xml;base64,PHN2ZyB3aWR0aD0iMSIgaGVpZ2h0PSIxIiB4bWxucz0iaHR0cDovL3d3dy53My5vcmcvMjAwMC9zdmciPjwvc3ZnPg==\" style=\"--smush-placeholder-width: 720px; --smush-placeholder-aspect-ratio: 720\/960;\" \/><br \/>\nLas peque\u00f1as representantes sampedrinas en Neuqu\u00e9n<\/p>\n","protected":false},"excerpt":{"rendered":"<p>Fue en Neuqu\u00e9n durante el pasado fin de semana donde dos sampedrinas nos representaron, son ellas las ni\u00f1as Magdalena Bustos (logr\u00f3 tres medallas de Bronce en los 100 mts y 400 mts en Ruta y dos de Plata 200 mts y 800 mts) y Eluney Prado. El certamen recibi\u00f3 a deportistas de todo el pa\u00eds [&hellip;]<\/p>\n","protected":false},"author":4,"featured_media":38063,"comment_status":"open","ping_status":"closed","sticky":false,"template":"","format":"standard","meta":{"om_disable_all_campaigns":false,"_jetpack_memberships_contains_paid_content":false,"footnotes":""},"categories":[5],"tags":[],"class_list":["post-38060","post","type-post","status-publish","format-standard","has-post-thumbnail","hentry","category-deportes"],"aioseo_notices":[],"gutentor_comment":0,"jetpack_featured_media_url":"https:\/\/eldiariodesanpedro.com.ar\/sitio\/wp-content\/uploads\/2018\/08\/magdalena-bustos.jpg","jetpack_shortlink":"https:\/\/wp.me\/p6RhLt-9TS","jetpack_sharing_enabled":true,"_links":{"self":[{"href":"https:\/\/eldiariodesanpedro.com.ar\/sitio\/wp-json\/wp\/v2\/posts\/38060","targetHints":{"allow":["GET"]}}],"collection":[{"href":"https:\/\/eldiariodesanpedro.com.ar\/sitio\/wp-json\/wp\/v2\/posts"}],"about":[{"href":"https:\/\/eldiariodesanpedro.com.ar\/sitio\/wp-json\/wp\/v2\/types\/post"}],"author":[{"embeddable":true,"href":"https:\/\/eldiariodesanpedro.com.ar\/sitio\/wp-json\/wp\/v2\/users\/4"}],"replies":[{"embeddable":true,"href":"https:\/\/eldiariodesanpedro.com.ar\/sitio\/wp-json\/wp\/v2\/comments?post=38060"}],"version-history":[{"count":1,"href":"https:\/\/eldiariodesanpedro.com.ar\/sitio\/wp-json\/wp\/v2\/posts\/38060\/revisions"}],"predecessor-version":[{"id":38065,"href":"https:\/\/eldiariodesanpedro.com.ar\/sitio\/wp-json\/wp\/v2\/posts\/38060\/revisions\/38065"}],"wp:featuredmedia":[{"embeddable":true,"href":"https:\/\/eldiariodesanpedro.com.ar\/sitio\/wp-json\/wp\/v2\/media\/38063"}],"wp:attachment":[{"href":"https:\/\/eldiariodesanpedro.com.ar\/sitio\/wp-json\/wp\/v2\/media?parent=38060"}],"wp:term":[{"taxonomy":"category","embeddable":true,"href":"https:\/\/eldiariodesanpedro.com.ar\/sitio\/wp-json\/wp\/v2\/categories?post=38060"},{"taxonomy":"post_tag","embeddable":true,"href":"https:\/\/eldiariodesanpedro.com.ar\/sitio\/wp-json\/wp\/v2\/tags?post=38060"}],"curies":[{"name":"wp","href":"https:\/\/api.w.org\/{rel}","templated":true}]}}