{"id":38052,"date":"2018-08-09T20:27:46","date_gmt":"2018-08-09T23:27:46","guid":{"rendered":"https:\/\/eldiariodesanpedro.com.ar\/sitio\/?p=38052"},"modified":"2018-08-09T20:27:46","modified_gmt":"2018-08-09T23:27:46","slug":"banco-provincia-flexibiliza-vencimientos-para-el-sector-lechero","status":"publish","type":"post","link":"https:\/\/eldiariodesanpedro.com.ar\/sitio\/banco-provincia-flexibiliza-vencimientos-para-el-sector-lechero\/","title":{"rendered":"Banco Provincia flexibiliza vencimientos para el sector lechero"},"content":{"rendered":"<p><!-- VideographyWP Plugin Message: Automatic video embedding prevented by plugin options. --><br \/>\nBanco Provincia anunci\u00f3 una pr\u00f3rroga de vencimientos para los productores lecheros, que podr\u00e1n readecuar sus cr\u00e9ditos vigentes con la entidad a un plazo de 24 meses, con un a\u00f1o de gracia para el pago de capital. El financiamiento forma parte de una serie de medidas impulsadas por el Gobierno provincial para asistir al sector lechero. <\/p>\n<p>  Juan Curutchet, titular de la banca p\u00fablica bonaerense, se\u00f1al\u00f3 que \u201cesta herramienta les posibilita a los productores posponer los vencimientos de sus pr\u00e9stamos y cupones de la Tarjeta Procampo que operen hasta el 31 de diciembre y comenzar a pagarlos reci\u00e9n dentro de un a\u00f1o\u201d.<\/p>\n<p>  \u201cDe la misma manera en que asistimos a los productores afectados por las inundaciones y la sequ\u00eda, la Gobernadora Mar\u00eda Eugenia Vidal nos solicit\u00f3 que trabajemos con el ministro de Agroindustria, Leonardo Saqu\u00eds, para llevarle soluciones al sector lechero bonaerense que est\u00e1 atravesando una coyuntura adversa\u201d, a\u00f1adi\u00f3 Curutchet. <\/p>\n<p>  Este nuevo mecanismo se suma a la posibilidad que tienen los productores de utilizar la Tarjeta Procampo, que les posibilita elegir la fecha de pago de sus insumos, solicitar un incremento en el margen actual y, para aquellos que a\u00fan no cuentan con esta herramienta, la opci\u00f3n de solicitar en forma \u00e1gil una tarjeta de cortes\u00eda.<\/p>\n<p>  Con estas acciones, la entidad busca ofrecerle al sector instrumentos que le permitan sobrellevar la coyuntura y reinvertir de cara a 2019.<\/p>\n<p>  Durante los primeros seis meses del a\u00f1o, Banco Provincia le prest\u00f3 al campo 31 mil millones de pesos. Adem\u00e1s, ampli\u00f3 en 200 millones de pesos el fondeo para cr\u00e9ditos blandos destinados a productores afectados por fen\u00f3menos clim\u00e1ticos.  Hasta el momento lleva colocados 466 millones de pesos entre m\u00e1s de 760 clientes damnificados.<\/p>\n","protected":false},"excerpt":{"rendered":"<p>Banco Provincia anunci\u00f3 una pr\u00f3rroga de vencimientos para los productores lecheros, que podr\u00e1n readecuar sus cr\u00e9ditos vigentes con la entidad a un plazo de 24 meses, con un a\u00f1o de gracia para el pago de capital. El financiamiento forma parte de una serie de medidas impulsadas por el Gobierno provincial para asistir al sector lechero. [&hellip;]<\/p>\n","protected":false},"author":4,"featured_media":38055,"comment_status":"open","ping_status":"closed","sticky":false,"template":"","format":"standard","meta":{"om_disable_all_campaigns":false,"_jetpack_memberships_contains_paid_content":false,"footnotes":""},"categories":[101,2],"tags":[],"class_list":["post-38052","post","type-post","status-publish","format-standard","has-post-thumbnail","hentry","category-interes-general-locales","category-locales"],"aioseo_notices":[],"gutentor_comment":0,"jetpack_featured_media_url":"https:\/\/eldiariodesanpedro.com.ar\/sitio\/wp-content\/uploads\/2018\/08\/Beneficio-de-banco-Provincia.jpg","jetpack_shortlink":"https:\/\/wp.me\/p6RhLt-9TK","jetpack_sharing_enabled":true,"_links":{"self":[{"href":"https:\/\/eldiariodesanpedro.com.ar\/sitio\/wp-json\/wp\/v2\/posts\/38052","targetHints":{"allow":["GET"]}}],"collection":[{"href":"https:\/\/eldiariodesanpedro.com.ar\/sitio\/wp-json\/wp\/v2\/posts"}],"about":[{"href":"https:\/\/eldiariodesanpedro.com.ar\/sitio\/wp-json\/wp\/v2\/types\/post"}],"author":[{"embeddable":true,"href":"https:\/\/eldiariodesanpedro.com.ar\/sitio\/wp-json\/wp\/v2\/users\/4"}],"replies":[{"embeddable":true,"href":"https:\/\/eldiariodesanpedro.com.ar\/sitio\/wp-json\/wp\/v2\/comments?post=38052"}],"version-history":[{"count":1,"href":"https:\/\/eldiariodesanpedro.com.ar\/sitio\/wp-json\/wp\/v2\/posts\/38052\/revisions"}],"predecessor-version":[{"id":38057,"href":"https:\/\/eldiariodesanpedro.com.ar\/sitio\/wp-json\/wp\/v2\/posts\/38052\/revisions\/38057"}],"wp:featuredmedia":[{"embeddable":true,"href":"https:\/\/eldiariodesanpedro.com.ar\/sitio\/wp-json\/wp\/v2\/media\/38055"}],"wp:attachment":[{"href":"https:\/\/eldiariodesanpedro.com.ar\/sitio\/wp-json\/wp\/v2\/media?parent=38052"}],"wp:term":[{"taxonomy":"category","embeddable":true,"href":"https:\/\/eldiariodesanpedro.com.ar\/sitio\/wp-json\/wp\/v2\/categories?post=38052"},{"taxonomy":"post_tag","embeddable":true,"href":"https:\/\/eldiariodesanpedro.com.ar\/sitio\/wp-json\/wp\/v2\/tags?post=38052"}],"curies":[{"name":"wp","href":"https:\/\/api.w.org\/{rel}","templated":true}]}}